{"id":8501,"date":"2020-04-16T05:00:00","date_gmt":"2020-04-16T08:00:00","guid":{"rendered":"https:\/\/investnews.com.br\/?p=8501"},"modified":"2024-01-31T19:38:55","modified_gmt":"2024-01-31T22:38:55","slug":"saidas-para-a-crise-a-era-do-controle-de-gastos-esta-perto-do-fim","status":"publish","type":"post","link":"https:\/\/investnews.com.br\/economia\/saidas-para-a-crise-a-era-do-controle-de-gastos-esta-perto-do-fim\/","title":{"rendered":"Sa\u00eddas para a crise: a era do controle de gastos est\u00e1 perto do fim?"},"content":{"rendered":"\n<p>Depois de ficar por um tempo fora dos holofotes na crise pand\u00eamica do <a href=\"https:\/\/investnews.com.br\/tag\/coronavirus\/\" class=\"rank-math-link\">coronav\u00edrus<\/a>, preocupado em desalinhar as estrat\u00e9gias do governo, o ministro da economia, <a class=\"rank-math-link rank-math-link\" href=\"https:\/\/investnews.com.br\/tag\/paulo-guedes\/\">Paulo Guedes<\/a>, reapareceu no final de mar\u00e7o em uma live de uma corretora de investimentos e disse a seguinte frase: &#8220;N\u00f3s fomos atingidos por um meteoro. O que aconteceu \u00e9 um meteoro. Mas n\u00f3s sabemos sair da forma\u00e7\u00e3o. Vamos combater o meteoro.&#8221;<\/p>\n\n\n\n<p>Sobre o combate, Guedes afirmou, na ocasi\u00e3o, que &#8220;quando voc\u00ea coloca tudo isso junto [todas as medidas do governo], j\u00e1 passou de R$ 750 bilh\u00f5es. Est\u00e1 subindo. J\u00e1 estamos em 4,8% do <a class=\"rank-math-link rank-math-link\" href=\"https:\/\/investnews.com.br\/tag\/pib\/\">PIB<\/a>. Vai ser realmente um d\u00e9ficit prim\u00e1rio extraordin\u00e1rio [gasto p\u00fablico maior que a arrecada\u00e7\u00e3o]&#8221;. Somando os recursos disponibilizados pelos bancos estatais (Caixa, BB e BNDES), o impacto das medidas j\u00e1 chega a R$ 867 bilh\u00f5es.<\/p>\n\n\n\n<h2 class=\"wp-block-heading\"><strong>Ataque no campo tribut\u00e1rio<\/strong><\/h2>\n\n\n\n<p>Pesquisadores do N\u00facleo de Tributa\u00e7\u00e3o do Centro de Regula\u00e7\u00e3o e Democracia do Insper&nbsp;fizeram um <a class=\"rank-math-link rank-math-link rank-math-link\" href=\"https:\/\/www.insper.edu.br\/noticias\/levantamento-nucleo-de-tributacao-entrevista\/\" target=\"_blank\" rel=\"noopener\">levantamento<\/a>, divulgado no dia 30 de mar\u00e7o, apontando a ado\u00e7\u00e3o de 166 medidas tribut\u00e1rias por 43 pa\u00edses para combater os efeitos do novo coronav\u00edrus na economia. Eles concordam que h\u00e1 algo de extraordin\u00e1rio nas medidas. S\u00f3 que consideram a a\u00e7\u00e3o do governo brasileiro &#8220;t\u00edmida&#8221; no campo tribut\u00e1rio, quando feita a compara\u00e7\u00e3o com outros pa\u00edses. <\/p>\n\n\n\n<p>Segundo o levantamento, a maioria dos pa\u00edses tem seguido a indica\u00e7\u00e3o da Organiza\u00e7\u00e3o de Coopera\u00e7\u00e3o e Desenvolvimento Econ\u00f4mico (<a class=\"rank-math-link\" href=\"https:\/\/investnews.com.br\/tag\/ocde\/\">OCDE<\/a>) de postergar o prazo de pagamento de tributos, sobretudo quando eles incidem sobre renda e consumo, com efeito direto sobre as pessoas e empresas. At\u00e9 agora, o governo prorrogou o pagamento de tributos como o <strong><a href=\"https:\/\/investnews.com.br\/guias\/simples-nacional\/\">Simples Nacional<\/a><\/strong>, adiou o <strong>FGTS<\/strong> dos trabalhadores, reduziu a contribui\u00e7\u00e3o obrigat\u00f3ria do <strong>Sistema S<\/strong> e o <strong><a href=\"https:\/\/investnews.com.br\/guias\/iof\/\" data-type=\"URL\" data-id=\"https:\/\/investnews.com.br\/guias\/iof\/\">IOF<\/a><\/strong> (Imposto sobre Opera\u00e7\u00f5es Financeiras) das opera\u00e7\u00f5es de cr\u00e9dito, entre outras medidas (<em>veja mais abaixo<\/em>).<\/p>\n\n\n\n<h2 class=\"wp-block-heading\"><strong>Perd\u00e3o de d\u00edvidas<\/strong><\/h2>\n\n\n\n<p>No exterior, a onda de austeridade (o rigor no controle de gastos p\u00fablicos) que tomou conta do mundo desenvolvido na \u00faltima d\u00e9cada parece ter tomado uma nova forma, que passou a ser chamada de &#8220;or\u00e7amentos de guerra&#8221;. O Peterson Institute for International Economics, gabinete estrat\u00e9gico com base em Washington, tem pautado para o G20 uma <a class=\"rank-math-link rank-math-link\" href=\"https:\/\/www.piie.com\/blogs\/realtime-economic-issues-watch\/debt-standstills-can-help-vulnerable-governments-manage-covid\" target=\"_blank\" rel=\"noopener\">interrup\u00e7\u00e3o no pagamento das d\u00edvidas<\/a> dos pa\u00edses mais afetados.    <\/p>\n\n\n\n<p>O economista Rupert Harrison, uma vez l\u00edder do programa de corte de gastos conduzido no Tesouro brit\u00e2nico, anunciou sua opini\u00e3o sobre a crise. &#8220;N\u00f3s vamos ter que pensar criativamente sobre o perd\u00e3o de d\u00edvidas&#8221;, disse em um tweet, se referindo ao trabalho do <em>Treasury<\/em> da rainha.<\/p>\n\n\n\n<figure class=\"wp-block-embed is-type-rich is-provider-twitter wp-block-embed-twitter\"><div class=\"wp-block-embed__wrapper\">\n<blockquote class=\"twitter-tweet\" data-width=\"500\" data-dnt=\"true\"><p lang=\"en\" dir=\"ltr\">Agree with much of this excellent thread but especially this point.<br><br>We are going to have to think creatively about debt forgiveness \/ debt for <a href=\"https:\/\/investnews.com.br\/guias\/equity\/\">equity<\/a> swaps \/ new equity injections &#8211; with the balance determined by how much is born by taxpayers \/ banks \/ business owners <a href=\"https:\/\/t.co\/3TpY1gNGhP\">https:\/\/t.co\/3TpY1gNGhP<\/a><\/p>&mdash; Rupert Harrison (@rbrharrison) <a href=\"https:\/\/twitter.com\/rbrharrison\/status\/1246887808930848773?ref_src=twsrc%5Etfw\" target=\"_blank\" rel=\"noopener\">April 5, 2020<\/a><\/blockquote><script async src=\"https:\/\/platform.twitter.com\/widgets.js\" charset=\"utf-8\"><\/script>\n<\/div><\/figure>\n\n\n\n<p>O chefe do Comit\u00ea Estrat\u00e9gico do Tesouro Franc\u00eas, Jacques de Larosi\u00e8re, tamb\u00e9m exp\u00f4s sua opini\u00e3o no sentido do endividamento. Na semana passada, em <a class=\"rank-math-link rank-math-link rank-math-link rank-math-link\" href=\"https:\/\/www.omfif.org\/wp-content\/uploads\/2020\/04\/Reflections-on-the-health-and-financial-crisis_Jacques-de-Larosi%C3%A8re.pdf\" target=\"_blank\" rel=\"noopener\">artigo<\/a>, disse que algumas d\u00edvidas soberanas ir\u00e3o precisar de reestrutura\u00e7\u00e3o pelo risco de ficarem insustent\u00e1veis. <\/p>\n\n\n\n<p>Aqui no Brasil, novidades neste sentido ainda demoram a chegar. Mesmo assim, o atual secret\u00e1rio de Fazenda e Planejamento de S\u00e3o Paulo, e ex-candidato a presid\u00eancia, Henrique Meirelles, apareceu na m\u00eddia apontando uma solu\u00e7\u00e3o para a crise. Em entrevista \u00e0 BBC News Brasil disse: &#8220;O <a href=\"https:\/\/investnews.com.br\/tag\/banco-central\/\" class=\"rank-math-link\">Banco Central<\/a> tem grande espa\u00e7o para expandir a base monet\u00e1ria, ou seja, imprimir dinheiro, na linguagem mais popular, e, com isso, recompor a economia. N\u00e3o h\u00e1 risco nenhum de infla\u00e7\u00e3o nessa situa\u00e7\u00e3o&#8221;.<\/p>\n\n\n\n<p><strong>VEJA MAIS: <a class=\"rank-math-link rank-math-link\" href=\"https:\/\/investnews.com.br\/cafeina\/por-que-o-governo-nao-imprime-dinheiro-para-resolver-logo-a-crise-economica\/\">Por que o governo n\u00e3o imprime dinheiro para resolver a crise econ\u00f4mica?<\/a><\/strong><\/p>\n\n\n\n<p>O consenso de que o est\u00edmulo do Estado ser\u00e1 crucial para achatar a curva da <a class=\"rank-math-link rank-math-link\" href=\"https:\/\/investnews.com.br\/tag\/recessao-mundial\/\">recess\u00e3o econ\u00f4mica<\/a> \u00e9 cada vez mais abrangente &#8211; algo que vai na contram\u00e3o do que vem sendo discutido nos \u00faltimos tempos, na era do controle de gastos. Por isso, nesta reportagem, vamos analisar como s\u00e3o e como poderiam ser, sob a perspectiva dos economistas, as medidas do governo at\u00e9 agora, dividindo-as em tr\u00eas se\u00e7\u00f5es estrat\u00e9gicas, admitidas pela equipe econ\u00f4mica: <\/p>\n\n\n\n<ol class=\"wp-block-list\">\n<li><em><a class=\"rank-math-link rank-math-link\" href=\"https:\/\/investnews.com.br\/tag\/politica-monetaria\/\">pol\u00edtica monet\u00e1ria<\/a> e fiscal;<\/em><\/li>\n\n\n\n<li><em>linhas de <a href=\"https:\/\/investnews.com.br\/tag\/credito\/\" class=\"rank-math-link\">cr\u00e9dito<\/a>; <\/em><\/li>\n\n\n\n<li><em>transfer\u00eancia direta de renda.<\/em><\/li>\n<\/ol>\n\n\n\n<h2 class=\"wp-block-heading\">1 &#8211; Pol\u00edtica monet\u00e1ria e fiscal<\/h2>\n\n\n\n<p>Um <a href=\"https:\/\/voxeu.org\/content\/mitigating-covid-economic-crisis-act-fast-and-do-whatever-it-takes\" class=\"rank-math-link\" target=\"_blank\" rel=\"noopener\">livro<\/a> publicado pelo Centro para Pesquisa Econ\u00f4mica e Pol\u00edtica (CEPR, na sigla em ingl\u00eas), em parceria com a Vox Media, compilou argumentos de grandes economistas do mundo todo sobre os rem\u00e9dios econ\u00f4micos em tempo de pandemia. Na introdu\u00e7\u00e3o, o eBook intitulado <em>Mitigating the COVID Economic Crisis: Act Fast and Do Whatever It Takes<\/em> (Mitigando a Crise Econ\u00f4mica do COVID: Aja R\u00e1pido e Fa\u00e7a o Que For Preciso, em tradu\u00e7\u00e3o livre) apresenta o seguinte gr\u00e1fico:<\/p>\n\n\n\n<figure class=\"wp-block-image size-large\"><img loading=\"lazy\" decoding=\"async\" width=\"1024\" height=\"965\" src=\"https:\/\/media.investnews.com.br\/uploads\/2020\/04\/Info_medicoXrecessao-1024x965.jpg\" alt=\"arte curva covid\" class=\"wp-image-8602\" srcset=\"https:\/\/media.investnews.com.br\/uploads\/2020\/04\/Info_medicoXrecessao-1024x965.jpg 1024w, https:\/\/media.investnews.com.br\/uploads\/2020\/04\/Info_medicoXrecessao-300x283.jpg 300w, https:\/\/media.investnews.com.br\/uploads\/2020\/04\/Info_medicoXrecessao-768x724.jpg 768w, https:\/\/media.investnews.com.br\/uploads\/2020\/04\/Info_medicoXrecessao-991x934.jpg 991w, https:\/\/media.investnews.com.br\/uploads\/2020\/04\/Info_medicoXrecessao-172x162.jpg 172w, https:\/\/media.investnews.com.br\/uploads\/2020\/04\/Info_medicoXrecessao-150x141.jpg 150w, https:\/\/media.investnews.com.br\/uploads\/2020\/04\/Info_medicoXrecessao.jpg 1200w\" sizes=\"auto, (max-width: 1024px) 100vw, 1024px\" \/><\/figure>\n\n\n\n<p>Governos ao redor do mundo, <a class=\"rank-math-link rank-math-link\" href=\"https:\/\/brasil.elpais.com\/internacional\/2020-03-25\/italia-pagou-preco-alto-ao-resistir-a-medidas-de-isolamento-social-para-conter-coronavirus.html\" target=\"_blank\" rel=\"noopener\">n\u00e3o s\u00f3 no Brasil<\/a>, encararam a situa\u00e7\u00e3o descrita acima como um impasse, ou no jarg\u00e3o econ\u00f4mico, um <em>zero sum game<\/em> (um jogo de soma zero), no qual s\u00f3 uma parte pode sair ganhando. A Secretaria Especial de Comunica\u00e7\u00e3o (Secom), \u00f3rg\u00e3o da presid\u00eancia, inclusive ensaiou uma campanha chamada &#8220;O Brasil N\u00e3o Pode Parar&#8221;, que agora \u00e9 alvo de a\u00e7\u00e3o no Supremo Tribunal Federal (<a href=\"https:\/\/investnews.com.br\/tag\/stf\/\" class=\"rank-math-link\">STF<\/a>).<\/p>\n\n\n\n<p>Na mesma introdu\u00e7\u00e3o mostrando a correla\u00e7\u00e3o entre recess\u00e3o e medidas de isolamento na pandemia, o livro exp\u00f5e duas premissas que contradizem um dos lados desse cabo de guerra. A primeira: &#8220;a recess\u00e3o \u00e9 uma necessidade m\u00e9dica&#8221;. E a segunda \u00e9 que os impactos da pandemia chocam a economia de tr\u00eas formas diferentes: pela mudan\u00e7a de expectativa do mercado diante de uma crise sem precedentes; pelas medidas de isolamento social e conten\u00e7\u00e3o, sim; mas tamb\u00e9m inevitavelmente, pelas baixas m\u00e9dicas, &#8220;por que trabalhar doente n\u00e3o produz&#8221;. <\/p>\n\n\n\n<p>O estudo mostra que n\u00e3o se pode escolher apenas um lado da balan\u00e7a, como prop\u00f5e o alinhamento do <a class=\"rank-math-link rank-math-link\" href=\"https:\/\/investnews.com.br\/tag\/governo-federal\/\">governo federal<\/a>. O ministro da economia, Paulo Guedes, parece ter esse entendimento quando caracteriza a crise como um &#8220;meteoro&#8221;, mas de in\u00edcio apenas mexe as pe\u00e7as que mais tem controle. <\/p>\n\n\n\n<p>No m\u00eas de mar\u00e7o, quando o n\u00famero de casos ainda n\u00e3o tinha passado de 100, a maioria das medidas eram pensadas dentro do or\u00e7amento previsto, um remanejamento de recursos. A antecipa\u00e7\u00e3o da primeira metade do 13\u00ba sal\u00e1rio de aposentados e pensionistas do <a href=\"https:\/\/investnews.com.br\/tag\/inss\/\" class=\"rank-math-link\">INSS<\/a>, anunciada no dia 12 de mar\u00e7o, e o refor\u00e7o no programa Bolsa Fam\u00edlia, no dia 15, s\u00e3o exemplos.<\/p>\n\n\n\n<p>As <strong>medidas monet\u00e1rias ou fiscais<\/strong> mais importantes vieram nesses primeiros momentos. No dia 18, foi permitida a prorroga\u00e7\u00e3o do pagamento de tributos do Simples Nacional por seis meses. No dia 20, com ajuda do Senado, o governo decretou <a class=\"rank-math-link rank-math-link\" href=\"https:\/\/investnews.com.br\/tag\/calamidade-publica\/\">calamidade p\u00fablica<\/a>, abrindo uma folga no or\u00e7amento. E no dia 23, saiu uma das medidas mais discutidas entre os economistas: a libera\u00e7\u00e3o de R$ 1,2 trilh\u00e3o em recursos para os bancos. <\/p>\n\n\n\n<p>Para o professor de economia da Universidade do Extremo Sul Caterinense (Unesc), Dimas de Oliveira Estevam, o recurso em forma de compuls\u00f3rios banc\u00e1rios (dinheiro que os bancos s\u00e3o obrigados a guardar no BC para regular a liquidez da economia), foi liberado em &#8220;boa hora&#8221;. Segundo ele, a medida do Banco Central &#8220;favorece a libera\u00e7\u00e3o de cr\u00e9dito e diminui\u00e7\u00e3o dos juros&#8221;, sem negar a import\u00e2ncia dos bancos p\u00fablicos na dissemina\u00e7\u00e3o dos recursos. <\/p>\n\n\n\n<p>J\u00e1 o professor de economia da Universidade Federal do Esp\u00edrito Santo (UFES), Arlindo Villaschi, tem maior desconfian\u00e7a no sistema financeiro atual para considerar a medida pertinente. Citando <a href=\"https:\/\/www.ft.com\/content\/348e05e4-6778-11ea-800d-da70cff6e4d3\" class=\"rank-math-link\" target=\"_blank\" rel=\"noopener\">artigos<\/a> do editor do jornal &#8220;Financial Times&#8221;, Martin Wolfe, e <a href=\"https:\/\/www.dailymail.co.uk\/news\/article-8126981\/Bank-England-provide-money-DIRECTLY-workers-businesses-amid-coronavirus-crisis.html\" class=\"rank-math-link\" target=\"_blank\" rel=\"noopener\">falas<\/a> do ex-presidente do banco central brit\u00e2nico (BoE, na sigla em ingl\u00eas) Mark Carney, ele inclui sua opini\u00e3o: &#8220;o paradigma da acumula\u00e7\u00e3o exclusivamente em cima da especula\u00e7\u00e3o financeira j\u00e1 deu sinais de imposs\u00edvel recupera\u00e7\u00e3o&#8221;.<\/p>\n\n\n\n<p>Para ele, existe um oligop\u00f3lio banc\u00e1rio, sobretudo no Brasil, que cria dificuldades para intermediar a salva\u00e7\u00e3o do setor produtivo na crise. O pr\u00f3prio ministro da economia, em videoconfer\u00eancia com representantes do setor de varejo, afirmou que os recursos ficaram&nbsp;\u201cempo\u00e7ados no sistema financeiro\u201d. <\/p>\n\n\n\n<p><strong>LEIA MAIS: <a class=\"rank-math-link rank-math-link\" href=\"https:\/\/investnews.com.br\/economia\/comecamos-agora-a-dar-dinheiro-na-veia-direto-para-as-empresas-admite-guedes\/\">\u2018Come\u00e7amos agora a dar dinheiro na veia das empresas\u2019, diz Guedes<\/a><\/strong><\/p>\n\n\n\n<p>Entre outras medidas, como reduzir \u00e0 metade as contribui\u00e7\u00f5es das empresas ao Sistema S por 3 meses, zerar a cobran\u00e7a de Imposto Sobre Opera\u00e7\u00f5es Financeiras (<a class=\"rank-math-link\" href=\"https:\/\/investnews.com.br\/tag\/iof\/\">IOF<\/a>) de opera\u00e7\u00f5es de cr\u00e9dito e isentar consumidores de baixa renda do pagamento da conta de luz, a que ainda est\u00e1 em disputa \u00e9 o pacote de recursos para Estados e Munic\u00edpios. Principalmente, porque o governo est\u00e1 mobilizando sua base no sentido de <a class=\"rank-math-link rank-math-link\" href=\"https:\/\/www1.folha.uol.com.br\/poder\/2020\/03\/em-pronunciamento-bolsonaro-critica-fechamento-de-escolas-ataca-governadores-e-culpa-midia.shtml\" target=\"_blank\" rel=\"noopener\">culpar os governadores<\/a> pelas medidas de isolamento social.<\/p>\n\n\n\n<p>Dimas lembra que &#8220;a maior parte da receita arrecadada pelos impostos ainda pertence ao governo federal&#8221;. No dia 23 de mar\u00e7o, o presidente <strong>Jair Bolsonaro<\/strong> anunciou um pacote inicial de <a href=\"https:\/\/g1.globo.com\/economia\/noticia\/2020\/03\/23\/coronavirus-governo-anuncia-pacote-de-r-858-bilhoes-para-estados-e-municipios.ghtml\" class=\"rank-math-link\" target=\"_blank\" rel=\"noopener\">R$ 85,8 milh\u00f5es<\/a> composto de transfer\u00eancias para a \u00e1rea de sa\u00fade, recomposi\u00e7\u00e3o de repasses de fundos constitucionais e suspens\u00e3o do vencimento de d\u00edvidas dos estados com a Uni\u00e3o.<\/p>\n\n\n\n<h2 class=\"wp-block-heading\">2 &#8211; Linhas de Cr\u00e9dito<\/h2>\n\n\n\n<p>Ainda no in\u00edcio dos casos de coronav\u00edrus no Brasil, no dia 16 de mar\u00e7o, o Conselho Monet\u00e1rio Nacional (<a href=\"https:\/\/investnews.com.br\/tag\/cmn\/\" class=\"rank-math-link\">CMN<\/a>) aprovou medidas que facilitam a renegocia\u00e7\u00e3o de d\u00edvidas pelas empresas e pessoas f\u00edsicas, e facilitam a concess\u00e3o de cr\u00e9dito pelos bancos.<\/p>\n\n\n\n<p>Para Dimas, as concess\u00f5es de cr\u00e9dito poderiam ser ainda mais facilitadas, com prazos estendidos e juros baixos. &#8220;Os micro e pequenos empres\u00e1rios foram deixados com a\u00e7\u00f5es muito modestas do governo&#8221;. <\/p>\n\n\n\n<p>Villaschi pensa mais estruturalmente. Em muitas de suas pesquisas com pequenos empres\u00e1rios, descobriu que eles s\u00f3 utilizam os bancos para capitaliza\u00e7\u00e3o em \u00faltimo caso. &#8220;Preferem at\u00e9 um agiota, porque n\u00e3o exigem compra de cart\u00e3o de cr\u00e9dito, seguros e outros penduricalhos&#8221;. Para ele, seria mais ainda necess\u00e1ria a presen\u00e7a dos bancos p\u00fablicos <a href=\"https:\/\/investnews.com.br\/tag\/caixa-economica-federal\/\" class=\"rank-math-link\">Caixa Econ\u00f4mica Federal<\/a>, <a href=\"https:\/\/investnews.com.br\/tag\/banco-do-brasil\/\" class=\"rank-math-link\">Banco do Brasil<\/a> e Banco Nacional de Desenvolvimento (<a href=\"https:\/\/investnews.com.br\/tag\/bndes\/\" class=\"rank-math-link\">BNDES<\/a>), que passam por um longo processo de desinvestimentos (venda de ativos).<\/p>\n\n\n\n<p>S\u00f3 o BNDES anunciou uma venda de <a href=\"https:\/\/www.bndes.gov.br\/wps\/portal\/site\/home\/imprensa\/noticias\/conteudo\/bndes-desembolsa-38bi-entre-janeiro-e-setembro\" class=\"rank-math-link\" target=\"_blank\" rel=\"noopener\">R$ 38,8 bilh\u00f5es em a\u00e7\u00f5es<\/a> como parte do seu programa de desinvestimentos de 2020. Em 2019, os tr\u00eas bancos p\u00fablicos venderam <a href=\"https:\/\/www.gazetadopovo.com.br\/republica\/bancos-publicos-devem-acelerar-vendas-de-ativos-caixa-banco-do-brasil-bndes\/\" class=\"rank-math-link\" target=\"_blank\" rel=\"noopener\">R$ 36,5 bilh\u00f5es em ativos<\/a>, conforme balan\u00e7o divulgado pelo secret\u00e1rio especial de Desestatiza\u00e7\u00e3o do Minist\u00e9rio da Economia, Salim Mattar.<\/p>\n\n\n\n<p>Para a crise, o governo mobilizou esses bancos anunciando novas linhas de cr\u00e9dito. Por exemplo, a Caixa prometeu 6 meses de car\u00eancia nas presta\u00e7\u00f5es de novos contratos habitacionais e o BNDES permitiu a suspens\u00e3o de cobran\u00e7a de empr\u00e9stimos por 6 meses e a inje\u00e7\u00e3o de R$ 55 bilh\u00f5es na economia, o equivalente a quase todo o desembolso feito em 2019.<\/p>\n\n\n\n<ul class=\"wp-block-list\">\n<li><strong><em><strong><em>Veja o que \u00e9 <a href=\"https:\/\/investnews.com.br\/guias\/coaf-lavagem-de-dinheiro\/\" target=\"_blank\" rel=\"noreferrer noopener\">Coaf<\/a> e como funciona?<\/em><\/strong><\/em><\/strong><\/li>\n<\/ul>\n\n\n\n<h2 class=\"wp-block-heading\">3 &#8211; Transfer\u00eancia direta de renda<\/h2>\n\n\n\n<p>Quando se pensa na transfer\u00eancia direta, logo vem a lembran\u00e7a do aux\u00edlio emergencial, tamb\u00e9m apelidado de <a href=\"https:\/\/investnews.com.br\/tag\/coronavoucher\/\" class=\"rank-math-link\">coronavoucher<\/a>, de R$ 600. Mas a verdade \u00e9 que esse foi um dos \u00faltimos recursos. A equipe econ\u00f4mica primeiro trabalhou com remanejamentos e adiantamentos, no <a href=\"https:\/\/investnews.com.br\/tag\/bolsa-familia\/\" class=\"rank-math-link\">Bolsa Fam\u00edlia<\/a> e nos pagamentos que competem ao INSS. Chegou at\u00e9 a propor um aporte menor para os informais, de R$ 200.<\/p>\n\n\n\n<p>Dimas considera que a medida \u00e9 boa, j\u00e1 que, al\u00e9m de ajudar os mais vulner\u00e1veis a cumprir a quarentena, vai estimular o consumo. Villaschi observa por\u00e9m que a a\u00e7\u00e3o foi mal estruturada por esperar que essa parte da popula\u00e7\u00e3o tenha acesso a contas, e at\u00e9 pior, um celular com internet para baixar um aplicativo. &#8220;S\u00e3o pessoas extremamente precarizadas e que precisam muito do dinheiro&#8221;, completou.  <\/p>\n\n\n\n<p>A mudan\u00e7a de R$ 200 para R$ 600 detalha mais um epis\u00f3dio de articula\u00e7\u00e3o do governo no legislativo. Durante a pandemia, a C\u00e2mara e o Senado t\u00eam tentado cada vez mais protagonismo nas propostas, primeiro aumentando o valor do aux\u00edlio, e agora surge outro impasse quanto \u00e0 restitui\u00e7\u00e3o de impostos pelos estados.<\/p>\n\n\n\n<p>A C\u00e2mara aprovou na segunda-feira (13) um projeto que&nbsp;restitui, por seis meses, as perdas de estados e munic\u00edpios&nbsp;com a arrecada\u00e7\u00e3o do Imposto sobre Circula\u00e7\u00e3o de Mercadorias e Servi\u00e7os (<a class=\"rank-math-link\" href=\"https:\/\/investnews.com.br\/tag\/icms\/\">ICMS<\/a>, estadual) e com o Imposto Sobre Servi\u00e7os (ISS, municipal). N\u00e3o sem protesto do ministro da economia. Paulo Guedes declarou que recompor todo o <a href=\"https:\/\/investnews.com.br\/guias\/o-que-e-icms\/\">ICMS<\/a> seria &#8216;cheque em branco&#8217; para estados mais ricos.<\/p>\n\n\n\n<h2 class=\"wp-block-heading\">Folhas de pagamento<\/h2>\n\n\n\n<p>O Brasil tem um cap\u00edtulo \u00e0 parte nas sa\u00eddas para a crise. Isso porque, <a class=\"rank-math-link\" href=\"https:\/\/gauchazh.clicrbs.com.br\/economia\/noticia\/2020\/03\/o-que-economistas-dizem-sobre-a-proposta-de-reducao-de-jornada-de-trabalho-e-salarios-durante-a-crise-do-coronavirus-ck7zdond2065901oa4h2xm1ku.html\" target=\"_blank\" rel=\"noopener\">na contram\u00e3o da tend\u00eancia internacional<\/a>, optou por salvar empregos, tornando-os prec\u00e1rios. A cr\u00edtica, inclusive dos economistas ortodoxos, \u00e9 de que al\u00e9m de aumentar a vulnerabilidade daqueles que vivem do trabalho, a falta da renda vai diminuir ainda mais o consumo. <\/p>\n\n\n\n<p>O presidente editou medida provis\u00f3ria no dia 22 de mar\u00e7o, que altera uma s\u00e9rie de regras trabalhistas em meio \u00e0 pandemia. Antes de recuar, <a href=\"https:\/\/investnews.com.br\/tag\/jair-bolsonaro\/\" class=\"rank-math-link\">Jair Bolsonaro<\/a> tinha inclu\u00eddo um dispositivo que tornava poss\u00edvel a suspens\u00e3o do contrato de trabalho por quatro meses. <\/p>\n\n\n\n<p>No dia primeiro de abril, uma nova medida regulamentava os cortes nas jornadas, seguindo uma reposi\u00e7\u00e3o salarial atrav\u00e9s do <a class=\"rank-math-link rank-math-link\" href=\"https:\/\/investnews.com.br\/tag\/seguro-desemprego\/\">seguro-desemprego<\/a>. Ainda sim, um corte na renda do trabalhador que pode afetar o consumo e levar a economia para uma recess\u00e3o ainda maior. <\/p>\n\n\n\n<p>Citando um <a class=\"rank-math-link rank-math-link\" href=\"https:\/\/www.economist.com\/britain\/2004\/05\/06\/the-big-bad-bubble\" target=\"_blank\" rel=\"noopener\">artigo<\/a> da revista &#8220;The Economist&#8221; que fala da especula\u00e7\u00e3o no mercado de cr\u00e9dito antes mesmo da crise de 2008, Villaschi conclui: &#8220;N\u00e3o \u00e9 falta de sensibilidade dessas pessoas que causa o descompasso das medidas, mas existe um vazio entre quem tem os recursos e quem precisa deles.&#8221;<\/p>\n","protected":false},"excerpt":{"rendered":"<p>As compara\u00e7\u00f5es com o per\u00edodo de guerra aumentam na pandemia e remodelam a discuss\u00e3o sobre o papel do Estado na economia. <\/p>\n","protected":false},"author":17,"featured_media":8519,"comment_status":"open","ping_status":"open","sticky":false,"template":"","format":"standard","meta":{"_acf_changed":false,"inline_featured_image":false,"footnotes":""},"categories":[5],"tags":[56,307,914,58,901,404,923,42,283,234,57,298,347,53,83],"autor-wsj":[],"coauthors":[1498],"class_list":["post-8501","post","type-post","status-publish","format-standard","has-post-thumbnail","hentry","category-economia","tag-banco-central","tag-bndespar","tag-bolsa-familia","tag-caixa-economica-federal","tag-cmn","tag-coronavirus","tag-coronavoucher","tag-credito","tag-governo-federal","tag-jair-bolsonaro","tag-banco-do-brasil","tag-ocde","tag-paulo-guedes","tag-pib","tag-stf"],"acf":[],"amp_enabled":true,"_links":{"self":[{"href":"https:\/\/investnews.com.br\/inv-api\/wp\/v2\/posts\/8501","targetHints":{"allow":["GET"]}}],"collection":[{"href":"https:\/\/investnews.com.br\/inv-api\/wp\/v2\/posts"}],"about":[{"href":"https:\/\/investnews.com.br\/inv-api\/wp\/v2\/types\/post"}],"author":[{"embeddable":true,"href":"https:\/\/investnews.com.br\/inv-api\/wp\/v2\/users\/17"}],"replies":[{"embeddable":true,"href":"https:\/\/investnews.com.br\/inv-api\/wp\/v2\/comments?post=8501"}],"version-history":[{"count":20,"href":"https:\/\/investnews.com.br\/inv-api\/wp\/v2\/posts\/8501\/revisions"}],"predecessor-version":[{"id":554036,"href":"https:\/\/investnews.com.br\/inv-api\/wp\/v2\/posts\/8501\/revisions\/554036"}],"wp:featuredmedia":[{"embeddable":true,"href":"https:\/\/investnews.com.br\/inv-api\/wp\/v2\/media\/8519"}],"wp:attachment":[{"href":"https:\/\/investnews.com.br\/inv-api\/wp\/v2\/media?parent=8501"}],"wp:term":[{"taxonomy":"category","embeddable":true,"href":"https:\/\/investnews.com.br\/inv-api\/wp\/v2\/categories?post=8501"},{"taxonomy":"post_tag","embeddable":true,"href":"https:\/\/investnews.com.br\/inv-api\/wp\/v2\/tags?post=8501"},{"taxonomy":"autor-wsj","embeddable":true,"href":"https:\/\/investnews.com.br\/inv-api\/wp\/v2\/autor-wsj?post=8501"},{"taxonomy":"author","embeddable":true,"href":"https:\/\/investnews.com.br\/inv-api\/wp\/v2\/coauthors?post=8501"}],"curies":[{"name":"wp","href":"https:\/\/api.w.org\/{rel}","templated":true}]}}