{"id":8872,"date":"2020-04-17T09:09:46","date_gmt":"2020-04-17T12:09:46","guid":{"rendered":"https:\/\/investnews.com.br\/?p=8872"},"modified":"2024-06-26T12:29:32","modified_gmt":"2024-06-26T15:29:32","slug":"5-fatos-para-saber-hoje-retracao-na-china-e-desemprego-nos-eua","status":"publish","type":"post","link":"https:\/\/investnews.com.br\/economia\/5-fatos-para-saber-hoje-retracao-na-china-e-desemprego-nos-eua\/","title":{"rendered":"5 fatos para saber hoje: retra\u00e7\u00e3o na China e desemprego nos EUA"},"content":{"rendered":"\n<h2 class=\"wp-block-heading\"> 1 \u2013 China: PIB tem queda anual de 6,8% no 1\u00ba tri<\/h2>\n\n\n\n<p>A economia da <a href=\"https:\/\/investnews.com.br\/tag\/china\/\" class=\"rank-math-link\">China<\/a> se contraiu pela primeira vez desde pelo menos 1992 no primeiro trimestre, quando a pandemia do <a href=\"https:\/\/investnews.com.br\/tag\/coronavirus\/\" class=\"rank-math-link\">coronav\u00edrus<\/a> fechou f\u00e1bricas e manteve milh\u00f5es confinados em seus lares. <\/p>\n\n\n\n<p>O Produto Interno Bruto (<a href=\"https:\/\/investnews.com.br\/tag\/pib\/\" class=\"rank-math-link\">PIB<\/a>) caiu 6,8% no primeiro trimestre em rela\u00e7\u00e3o a igual per\u00edodo de 2019, comparado com um crescimento de 6,0% no quarto trimestre de 2019, informou nesta sexta-feira (pelo hor\u00e1rio local) o Escrit\u00f3rio Nacional de Estat\u00edsticas (NBS) chin\u00eas. O resultado veio melhor do que a mediana das proje\u00e7\u00f5es coletadas pelo Wall Street Journal junto a economistas, de contra\u00e7\u00e3o de 8,3%. <\/p>\n\n\n\n<p>Foi a primeira vez que a economia teve uma contra\u00e7\u00e3o em um primeiro trimestre desde 1992, quando o governo come\u00e7ou a divulgar n\u00fameros trimestrais. Na margem, em rela\u00e7\u00e3o ao trimestre anterior, a economia ficou 9,8% menor no per\u00edodo entre janeiro e mar\u00e7o de 2020.<\/p>\n\n\n\n<h2 class=\"wp-block-heading\">2 \u2013 C\u00e2mara aprova destaque para permitir o pagamento sem CPF regular<\/h2>\n\n\n\n<p>A <a href=\"https:\/\/investnews.com.br\/tag\/camara-dos-deputados\/\" class=\"rank-math-link\">C\u00e2mara<\/a> aprovou uma mudan\u00e7a ao texto-base da amplia\u00e7\u00e3o do <a href=\"https:\/\/investnews.com.br\/tag\/coronavoucher\/\" class=\"rank-math-link\">aux\u00edlio emergencial<\/a> votado mais cedo pelos deputados. O destaque de autoria do PSB permite que o benefici\u00e1rio busque o pagamento mesmo que esteja com seu CPF ou t\u00edtulo de eleitor de irregular. Neste caso, para o cadastro, deve ser usado um documento de registro civil, como carteira de identidade ou de trabalho ou certid\u00e3o de nascimento ou de casamento.<\/p>\n\n\n\n<p>&#8220;Milh\u00f5es de pessoas habilitadas para receber o benef\u00edcio passam fome em suas casas. Elas n\u00e3o podem ficar impedidas de receber o benef\u00edcio por conta de exig\u00eancias burocr\u00e1ticas. Mais uma vez, o Parlamento demonstra que est\u00e1 atento \u00e0s necessidades da popula\u00e7\u00e3o e aos problemas que afligem os brasileiros&#8221;, disse o l\u00edder do PSB na C\u00e2mara, deputado Alessandro Molon (RJ).<\/p>\n\n\n\n<p>Com amplo apoio da Casa, deputados aprovaram mais cedo, de forma simb\u00f3lica, sem a contagem de votos, a amplia\u00e7\u00e3o do aux\u00edlio emergencial de R$ 600 para trabalhadores informais durante a crise da <a href=\"https:\/\/investnews.com.br\/tag\/covid-19\/\" class=\"rank-math-link\">covid-19<\/a>. A medida aprovada foi uma vers\u00e3o modificada do que o <a href=\"https:\/\/investnews.com.br\/tag\/senado\/\" class=\"rank-math-link\">Senado<\/a> havia aprovado, por isso, depois de conclu\u00edda a an\u00e1lise dos destaques a medida ter\u00e1 de retornar para nova an\u00e1lise dos senadores. S\u00f3 depois poder\u00e1 ir \u00e0 san\u00e7\u00e3o presidencial. H\u00e1 ainda faltam outros quatro destaques a serem votados pelos deputados.<\/p>\n\n\n\n<h2 class=\"wp-block-heading\">3 \u2013 Desemprego nos Estados Unidos atinge 22 milh\u00f5es<\/h2>\n\n\n\n<p>A pandemia do novo coronav\u00edrus tem deixado um passivo preocupante para a administra\u00e7\u00e3o do presidente <a href=\"https:\/\/investnews.com.br\/tag\/donald-trump\/\" class=\"rank-math-link\">Donald Trump<\/a>, nos <a href=\"https:\/\/investnews.com.br\/tag\/estados-unidos\/\" class=\"rank-math-link\">Estados Unidos<\/a>. Nas \u00faltimas cinco semanas, o pa\u00eds registrou 22 milh\u00f5es de pessoas sem emprego, representando 13,5% da for\u00e7a de trabalho. O Departamento de <a href=\"https:\/\/investnews.com.br\/tag\/comercio\/\" class=\"rank-math-link\">Com\u00e9rcio<\/a> apontou uma queda mensal nas vendas do varejo n\u00e3o vista nos \u00faltimos 30 anos, acrescentando que o decl\u00ednio da produ\u00e7\u00e3o industrial s\u00f3 \u00e9 comparada ao per\u00edodo ap\u00f3s a Segunda Guerra Mundial.<\/p>\n\n\n\n<p> As medidas para conter a pandemia levaram a economia do pa\u00eds a n\u00edveis que n\u00e3o eram vistos desde a Grande Depress\u00e3o, em 1929, j\u00e1 que um recorde de mais de 20 milh\u00f5es de americanos solicitaram <a href=\"https:\/\/investnews.com.br\/tag\/seguro-desemprego\/\" class=\"rank-math-link\">aux\u00edlio-desemprego<\/a>. S\u00f3 na semana passada foram 5,2 milh\u00f5es, o que elevou o \u00edndice de <a href=\"https:\/\/investnews.com.br\/tag\/desemprego\/\" class=\"rank-math-link\">desemprego<\/a> dos EUA a 8,2%. Os n\u00fameros de desemprego pressionam ainda mais Trump, que apostou sua reelei\u00e7\u00e3o em novembro na for\u00e7a da economia americana. <\/p>\n\n\n\n<p>Na quarta-feira, ele disse que dados levavam a crer que os casos novos da covid-19 atingiram o pico e que l\u00edderes industriais que participaram de uma rodada de telefonemas lhe ofereceram boas perspectivas para reativar a economia com seguran\u00e7a. Mas o chefe de um grande sindicato alertou o presidente a n\u00e3o reabrir a menos que a seguran\u00e7a dos trabalhadores possa ser garantida, e executivos-chefes de algumas das maiores empresas do pa\u00eds disseram a Trump que mais exames s\u00e3o necess\u00e1rios para garantir a seguran\u00e7a, de acordo com diversas reportagens da m\u00eddia. <\/p>\n\n\n\n<h2 class=\"wp-block-heading\">4 \u2013 Novo ministro da Sa\u00fade quer &#8216;programa de testes&#8217;<\/h2>\n\n\n\n<p>O novo ministro da Sa\u00fade, Nelson Teich, pretende elaborar um &#8220;programa de testes&#8221; para ampliar a quantidade de informa\u00e7\u00f5es sobre a dissemina\u00e7\u00e3o do novo coronav\u00edrus no Pa\u00eds e, com isso, &#8220;conhecer a doen\u00e7a&#8221;.<\/p>\n\n\n\n<p>A ideia foi lan\u00e7ada na primeira manifesta\u00e7\u00e3o ap\u00f3s ser apresentado pelo presidente <a href=\"https:\/\/investnews.com.br\/tag\/jair-bolsonaro\/\" class=\"rank-math-link\">Jair Bolsonaro<\/a>, no Pal\u00e1cio do Planalto. Os crit\u00e9rios para aplica\u00e7\u00e3o dos exames, por\u00e9m, ainda n\u00e3o est\u00e3o definidos, mas o plano do novo ministro \u00e9 estabelecer uma pol\u00edtica espec\u00edfica. &#8220;Esse programa vai ter de envolver SUS, sa\u00fade suplementar, empresariado. Tem de fazer um grande programa e definir qual a melhor forma, como fazer a amostra, que tipo de testes, se \u00e9 paciente sintom\u00e1tico, ou assintom\u00e1tico&#8221;, disse o oncologista. &#8220;Isso vai criar capacidade de entender o momento, a doen\u00e7a e a capacidade de definir a\u00e7\u00f5es.&#8221;<\/p>\n\n\n\n<p>Por causa da escassez de testes dispon\u00edveis, a prioridade tem sido submeter a exames apenas pacientes internados com quadro de s\u00edndrome respirat\u00f3ria aguda grave, al\u00e9m de profissionais de sa\u00fade e de seguran\u00e7a p\u00fablica. Especialistas alertam que a subnotifica\u00e7\u00e3o de casos de covid-19 prejudica um mapeamento preciso do quadro brasileiro. Apesar de os exames n\u00e3o serem colocados \u00e0 disposi\u00e7\u00e3o em massa, a equipe que est\u00e1 de sa\u00edda do <a href=\"https:\/\/investnews.com.br\/tag\/ministerio-da-saude\/\" class=\"rank-math-link\">Minist\u00e9rio da Sa\u00fade<\/a> vinha exaltando a capacidade de oferecer exames. &#8220;A quest\u00e3o do teste \u00e9 extremamente complexa. O que o Minist\u00e9rio da Sa\u00fade tem conseguido \u00e9 motivo de satisfa\u00e7\u00e3o&#8221;, afirmou o atual secret\u00e1rio executivo da pasta, Jo\u00e3o Gabbardo, na semana passada.<\/p>\n\n\n\n<h2 class=\"wp-block-heading\">5 \u2013 Governo troca presidente do CNPq <\/h2>\n\n\n\n<p>O governo federal exonerou o pesquisador em Engenharia Aeroespacial e Aeron\u00e1utica Jo\u00e3o Luiz Filgueiras de Azevedo do cargo de presidente do Conselho Nacional de Desenvolvimento Cient\u00edfico e Tecnol\u00f3gico (CNPq) e nomeou para o lugar dele o agr\u00f4nomo e tamb\u00e9m pesquisador Evaldo Ferreira Vilela, conforme portarias publicadas no&nbsp;<em>Di\u00e1rio Oficial da Uni\u00e3o (DOU)<\/em>. <\/p>\n\n\n\n<p>Azevedo estava \u00e0 frente do CNPq desde fevereiro do ano passado. O \u00f3rg\u00e3o faz parte da estrutura do Minist\u00e9rio da Ci\u00eancia, Tecnologia, Inova\u00e7\u00f5es e Comunica\u00e7\u00f5es, comandado pelo ministro por Marcos Pontes.<\/p>\n\n\n\n<p><em>*Com Estad\u00e3o Conte\u00fado<\/em><\/p>\n","protected":false},"excerpt":{"rendered":"<p>Descubra as not\u00edcias que repercutem no mundo da economia e dos neg\u00f3cios.<\/p>\n","protected":false},"author":17,"featured_media":1137,"comment_status":"open","ping_status":"open","sticky":false,"template":"","format":"standard","meta":{"_acf_changed":false,"inline_featured_image":false,"footnotes":""},"categories":[5],"tags":[244,404,923,374,79,78,234,53],"autor-wsj":[],"coauthors":[],"class_list":["post-8872","post","type-post","status-publish","format-standard","has-post-thumbnail","hentry","category-economia","tag-china","tag-coronavirus","tag-coronavoucher","tag-desemprego","tag-donald-trump","tag-estados-unidos","tag-jair-bolsonaro","tag-pib"],"acf":[],"amp_enabled":true,"_links":{"self":[{"href":"https:\/\/investnews.com.br\/inv-api\/wp\/v2\/posts\/8872","targetHints":{"allow":["GET"]}}],"collection":[{"href":"https:\/\/investnews.com.br\/inv-api\/wp\/v2\/posts"}],"about":[{"href":"https:\/\/investnews.com.br\/inv-api\/wp\/v2\/types\/post"}],"author":[{"embeddable":true,"href":"https:\/\/investnews.com.br\/inv-api\/wp\/v2\/users\/17"}],"replies":[{"embeddable":true,"href":"https:\/\/investnews.com.br\/inv-api\/wp\/v2\/comments?post=8872"}],"version-history":[{"count":9,"href":"https:\/\/investnews.com.br\/inv-api\/wp\/v2\/posts\/8872\/revisions"}],"predecessor-version":[{"id":349766,"href":"https:\/\/investnews.com.br\/inv-api\/wp\/v2\/posts\/8872\/revisions\/349766"}],"wp:featuredmedia":[{"embeddable":true,"href":"https:\/\/investnews.com.br\/inv-api\/wp\/v2\/media\/1137"}],"wp:attachment":[{"href":"https:\/\/investnews.com.br\/inv-api\/wp\/v2\/media?parent=8872"}],"wp:term":[{"taxonomy":"category","embeddable":true,"href":"https:\/\/investnews.com.br\/inv-api\/wp\/v2\/categories?post=8872"},{"taxonomy":"post_tag","embeddable":true,"href":"https:\/\/investnews.com.br\/inv-api\/wp\/v2\/tags?post=8872"},{"taxonomy":"autor-wsj","embeddable":true,"href":"https:\/\/investnews.com.br\/inv-api\/wp\/v2\/autor-wsj?post=8872"},{"taxonomy":"author","embeddable":true,"href":"https:\/\/investnews.com.br\/inv-api\/wp\/v2\/coauthors?post=8872"}],"curies":[{"name":"wp","href":"https:\/\/api.w.org\/{rel}","templated":true}]}}