{"id":8945,"date":"2020-04-20T09:27:11","date_gmt":"2020-04-20T12:27:11","guid":{"rendered":"https:\/\/investnews.com.br\/?p=8945"},"modified":"2025-08-29T13:31:35","modified_gmt":"2025-08-29T16:31:35","slug":"5-fatos-para-saber-hoje-jeff-bezos-continua-ganhando-na-crise","status":"publish","type":"post","link":"https:\/\/investnews.com.br\/economia\/5-fatos-para-saber-hoje-jeff-bezos-continua-ganhando-na-crise\/","title":{"rendered":"5 fatos para saber hoje: Jeff Bezos continua ganhando na crise"},"content":{"rendered":"\n<h2 class=\"wp-block-heading\">Espanha tem menor n\u00famero de mortes di\u00e1rias por coronav\u00edrus em quase um m\u00eas<\/h2>\n\n\n\n<p>A Espanha registrou, neste domingo, o menor n\u00famero de mortes di\u00e1rias por causa do coronav\u00edrus em quase um m\u00eas, informaram autoridades do pa\u00eds. O levantamento das \u00faltimas 24 horas aponta para 410 mortes, elevando a quantidade total de \u00f3bitos relacionados ao v\u00edrus para 20.453. No per\u00edodo, tamb\u00e9m foram relatados 4.218 novos casos confirmados, o que leva a um total de 195.944.<\/p>\n\n\n\n<p>Ontem, o primeiro-ministro espanhol, Pedro S\u00e1nchez, afirmou que vai tentar ampliar em duas semanas o estado de emerg\u00eancia no pa\u00eds, previsto para encerrar na pr\u00f3xima semana. O principal funcion\u00e1rio da sa\u00fade, Fernando Sim\u00f3n, disse que os dados mais recentes d\u00e3o esperan\u00e7a \u00e0 Espanha, acrescentando que mostra &#8220;a taxa de cont\u00e1gio caiu e que estamos no caminho correto&#8221;.<\/p>\n\n\n\n<h2 class=\"wp-block-heading\">Secret\u00e1rio de Tesouro dos EUA diz que pacote de US$ 300 bilh\u00f5es est\u00e1 pr\u00f3ximo<\/h2>\n\n\n\n<p>O secret\u00e1rio do Tesouro dos <a href=\"https:\/\/investnews.com.br\/tag\/estados-unidos\/\" class=\"rank-math-link\">Estados Unidos<\/a>, Steve Mnuchin, disse em entrevista para a CNN que est\u00e1 otimista em chegar a um acordo com a lideran\u00e7a do Congresso americano para levar a vota\u00e7\u00e3o um novo pacote de US$ 300 bilh\u00f5es (cerca de R$ 1,5 trilh\u00e3o) no in\u00edcio desta semana.<\/p>\n\n\n\n<p>&#8220;Acho que estamos fazendo um bom progresso, tive v\u00e1rias reuni\u00f5es no decorrer do fim de semana com a lideran\u00e7a do Congresso&#8221;, comentou Mnuchin, pontuando que conversou com Chuck Schumer, lider da minoria do Partido Democrata no Senado, e Nancy Pelosi, presidente da C\u00e2mara dos Representantes que \u00e9 controlada pelos Democratas.<\/p>\n\n\n\n<p>O secret\u00e1rio falou que cerca de 60% dos neg\u00f3cios dos Estados Unidos foram contemplados com os pacotes anteriores e que a quantia de US$ 300 bilh\u00f5es que o governo est\u00e1 negociando deve ser o suficiente para cobrir o restante. O novo pacote tamb\u00e9m incluiria ajuda de US$ 75 bilh\u00f5es a hospitais.<\/p>\n\n\n\n<h2 class=\"wp-block-heading\">Datafolha: 79% dos brasileiros defendem puni\u00e7\u00e3o por viola\u00e7\u00e3o de quarentena<\/h2>\n\n\n\n<p>Pesquisa Datafolha mostra que 79% dos brasileiros defendem algum tipo de puni\u00e7\u00e3o para pessoas que violem regras de quarentena devido ao novo coronav\u00edrus no Pa\u00eds. Mas desses, apenas 3% acham que pris\u00e3o seria uma san\u00e7\u00e3o aceit\u00e1vel. J\u00e1 multas t\u00eam apoio de 33% e advert\u00eancias verbais, de 43%.<\/p>\n\n\n\n<p>O apoio \u00e0s multas \u00e9 mais prevalente entre jovens de 16 a 24 anos e assalariados com carteira registrada, 48%. J\u00e1 as advert\u00eancias t\u00eam maior apoio entre os mais ricos (5 e 10 sal\u00e1rios m\u00ednimos, 53%, e de 10 sal\u00e1rios para cima, 51%). \u00c9 mais alta do que a m\u00e9dia nacional, 51%, a parcela daqueles que concordam com esse tipo mais leve de puni\u00e7\u00e3o na regi\u00e3o Sul, reduto do bolsonarismo no pa\u00eds.<\/p>\n\n\n\n<p>Isso \u00e9 o que revela a pesquisa feita pelo Datafolha na sexta (17), que ouviu por telefone 1.606 pessoas. Sua margem de erro \u00e9 de tr\u00eas pontos percentuais para mais ou menos.<\/p>\n\n\n\n<h2 class=\"wp-block-heading\">Bolsonaro desafia Poderes em ato pr\u00f3-interven\u00e7\u00e3o<\/h2>\n\n\n\n<p>O presidente <a href=\"https:\/\/investnews.com.br\/tag\/jair-bolsonaro\/\" class=\"rank-math-link\">Jair Bolsonaro<\/a> elevou neste domingo (19) o tom do confronto com o Congresso e o Supremo Tribunal Federal (<a href=\"https:\/\/investnews.com.br\/tag\/stf\/\" class=\"rank-math-link\">STF<\/a>) e, diante do Quartel-General do Ex\u00e9rcito, pregou o fim da &#8220;patifaria&#8221; em uma manifesta\u00e7\u00e3o que pedia interven\u00e7\u00e3o militar no Pa\u00eds. Com microfone em punho, Bolsonaro subiu na ca\u00e7amba de uma caminhonete e fez um discurso inflamado para seguidores que exibiam faixas com inscri\u00e7\u00f5es favor\u00e1veis a um novo AI-5, o mais duro ato da ditadura (1964 a 1985), e gritavam palavras de ordem contra o STF e o presidente da C\u00e2mara, <a href=\"https:\/\/investnews.com.br\/tag\/rodrigo-maia\/\" class=\"rank-math-link\">Rodrigo Maia<\/a> (DEM-RJ).<\/p>\n\n\n\n<p>&#8220;N\u00f3s n\u00e3o queremos negociar nada. Queremos \u00e9 a\u00e7\u00e3o pelo Brasil&#8221;, disse Bolsonaro, aplaudido por centenas de manifestantes. &#8220;Chega da velha pol\u00edtica! (&#8230;) Acabou a \u00e9poca da patifaria. Agora \u00e9 o povo no poder.&#8221;<\/p>\n\n\n\n<p>Estimulados pelo presidente, manifestantes foram \u00e0s ruas de S\u00e3o Paulo ontem pelo segundo dia consecutivo contra o isolamento social. Al\u00e9m de Bras\u00edlia e S\u00e3o Paulo, houve atos no Rio, Salvador e Manaus. Na capital paulista, uma faixa de um quarteir\u00e3o da Avenida Paulista foi fechada. Ontem, o n\u00famero de mortes no Estado pela covid-19 passou de mil. Os manifestantes atacaram o governador <a href=\"https:\/\/investnews.com.br\/tag\/joao-doria\/\" class=\"rank-math-link\">Jo\u00e3o Doria<\/a> (PSDB) e o presidente da C\u00e2mara, Rodrigo Maia (DEM-RJ). As informa\u00e7\u00f5es s\u00e3o do jornal&nbsp;&#8220;O Estado de S. Paulo&#8221;.<\/p>\n\n\n\n<h2 class=\"wp-block-heading\">Em meio \u00e0 pandemia, Jeff Bezos, da Amazon, fica ainda mais rico<\/h2>\n\n\n\n<p>Em meio a uma crise econ\u00f4mica de profundidade e dura\u00e7\u00e3o ainda imprevis\u00edveis, o homem mais rico do mundo est\u00e1 ficando mais rico ainda. <a href=\"https:\/\/investnews.com.br\/tag\/jeff-bezos\/\" class=\"rank-math-link\">Jeff Bezos<\/a>, o presidente executivo e fundador da <a href=\"https:\/\/investnews.com.br\/tag\/amazon\/\" class=\"rank-math-link\">Amazon<\/a>, acumula atualmente US$ 143,1 bilh\u00f5es em sua fortuna, de acordo com n\u00fameros da revista americana Forbes divulgados na sexta-feira (17).<\/p>\n\n\n\n<p>Durante a semana, a varejista de Bezos chegou a um valor recorde em suas a\u00e7\u00f5es durante a quinta-feira, quando encerrou o preg\u00e3o da bolsa de valores <a href=\"https:\/\/investnews.com.br\/tag\/nasdaq\/\" class=\"rank-math-link\">Nasdaq<\/a> com pap\u00e9is cotados a US$ 2.408,19. Na sexta-feira, as a\u00e7\u00f5es ca\u00edram um pouco, indo para a casa de US$ 2.375, mas ainda deixam Bezos em um final de semana bem feliz, enquanto muita gente amarga desemprego e redu\u00e7\u00f5es salariais.<\/p>\n\n\n\n<p>S\u00f3 nos EUA, mais de 17 milh\u00f5es de pessoas perderam o emprego em tr\u00eas semanas. Para bancos como o JP Morgan e o Wells Fargo, a crise atual pode superar a de 2008 em termos de desemprego. Mas a Amazon de Bezos est\u00e1 indo bem na crise: com lojas fechadas, mais e mais consumidores recorrem aos servi\u00e7os da varejista em todo o mundo, recebendo produtos b\u00e1sicos diretamente em casa. Ao longo deste ano, Bezos j\u00e1 adicionou quase US$ 29 bilh\u00f5es \u00e0 sua fortuna por conta das valoriza\u00e7\u00f5es da empresa.<\/p>\n\n\n\n<p><em>*Com Estad\u00e3o Conte\u00fado<\/em><\/p>\n","protected":false},"excerpt":{"rendered":"<p>Amazon ganha mais com as medidas de isolamento social, Espanha tem esperan\u00e7a com menor n\u00famero de mortos e os protestos do domingo.<\/p>\n","protected":false},"author":17,"featured_media":2826,"comment_status":"open","ping_status":"open","sticky":false,"template":"","format":"standard","meta":{"_acf_changed":false,"inline_featured_image":false,"footnotes":""},"categories":[5],"tags":[78,234,110443,394,503,837,83],"autor-wsj":[],"coauthors":[],"class_list":["post-8945","post","type-post","status-publish","format-standard","has-post-thumbnail","hentry","category-economia","tag-estados-unidos","tag-jair-bolsonaro","tag-jeff-bezos","tag-joao-doria","tag-amazon","tag-nasdaq","tag-stf"],"acf":[],"amp_enabled":true,"_links":{"self":[{"href":"https:\/\/investnews.com.br\/inv-api\/wp\/v2\/posts\/8945","targetHints":{"allow":["GET"]}}],"collection":[{"href":"https:\/\/investnews.com.br\/inv-api\/wp\/v2\/posts"}],"about":[{"href":"https:\/\/investnews.com.br\/inv-api\/wp\/v2\/types\/post"}],"author":[{"embeddable":true,"href":"https:\/\/investnews.com.br\/inv-api\/wp\/v2\/users\/17"}],"replies":[{"embeddable":true,"href":"https:\/\/investnews.com.br\/inv-api\/wp\/v2\/comments?post=8945"}],"version-history":[{"count":7,"href":"https:\/\/investnews.com.br\/inv-api\/wp\/v2\/posts\/8945\/revisions"}],"predecessor-version":[{"id":333434,"href":"https:\/\/investnews.com.br\/inv-api\/wp\/v2\/posts\/8945\/revisions\/333434"}],"wp:featuredmedia":[{"embeddable":true,"href":"https:\/\/investnews.com.br\/inv-api\/wp\/v2\/media\/2826"}],"wp:attachment":[{"href":"https:\/\/investnews.com.br\/inv-api\/wp\/v2\/media?parent=8945"}],"wp:term":[{"taxonomy":"category","embeddable":true,"href":"https:\/\/investnews.com.br\/inv-api\/wp\/v2\/categories?post=8945"},{"taxonomy":"post_tag","embeddable":true,"href":"https:\/\/investnews.com.br\/inv-api\/wp\/v2\/tags?post=8945"},{"taxonomy":"autor-wsj","embeddable":true,"href":"https:\/\/investnews.com.br\/inv-api\/wp\/v2\/autor-wsj?post=8945"},{"taxonomy":"author","embeddable":true,"href":"https:\/\/investnews.com.br\/inv-api\/wp\/v2\/coauthors?post=8945"}],"curies":[{"name":"wp","href":"https:\/\/api.w.org\/{rel}","templated":true}]}}