{"id":9059,"date":"2020-04-22T08:50:11","date_gmt":"2020-04-22T11:50:11","guid":{"rendered":"https:\/\/investnews.com.br\/?p=9059"},"modified":"2024-06-26T12:29:30","modified_gmt":"2024-06-26T15:29:30","slug":"5-fatos-para-saber-hoje-camara-vota-credito-para-micro-e-pequenas-empresas","status":"publish","type":"post","link":"https:\/\/investnews.com.br\/economia\/5-fatos-para-saber-hoje-camara-vota-credito-para-micro-e-pequenas-empresas\/","title":{"rendered":"5 fatos para saber hoje: C\u00e2mara vota cr\u00e9dito para micro e pequenas empresas"},"content":{"rendered":"\n<h2 class=\"wp-block-heading\">1 &#8211; It\u00e1lia deve come\u00e7ar reabertura econ\u00f4mica em 4 de maio, mas de modo gradual<\/h2>\n\n\n\n<p>O primeiro-ministro da <a href=\"https:\/\/investnews.com.br\/tag\/italia\/\" class=\"rank-math-link\">It\u00e1lia<\/a>, Giuseppe Conte, confirmou nesta ter\u00e7a-feira (21) que o pa\u00eds pode come\u00e7ar sua reabertura econ\u00f4mica em 4 de maio. Ele minimizou qualquer esperan\u00e7a, por\u00e9m, de um relaxamento total em algumas das medidas mais estritas de <a href=\"https:\/\/investnews.com.br\/tag\/quarentena\/\" class=\"rank-math-link\">quarentena<\/a> em vigor entre as democracias ocidentais.<\/p>\n\n\n\n<p>&#8220;Muitos cidad\u00e3os est\u00e3o cansados dos esfor\u00e7os que t\u00eam sido feitos at\u00e9 agora e gostariam de um relaxamento significativo dessas medidas, ou mesmo sua total aboli\u00e7\u00e3o&#8221;, afirmou Conte no <a href=\"https:\/\/investnews.com.br\/tag\/facebook\/\" class=\"rank-math-link\">Facebook<\/a>. &#8220;Uma decis\u00e3o desse tipo seria irrespons\u00e1vel.&#8221;<\/p>\n\n\n\n<p>Conte disse que as medidas para relaxar as restri\u00e7\u00f5es devem ser anunciadas antes do fim desta semana. Tamb\u00e9m adiantou que ser\u00e3o levadas em conta as diferentes circunst\u00e2ncias de cada regi\u00e3o, nesse processo.<\/p>\n\n\n\n<h2 class=\"wp-block-heading\">2 &#8211; Cerca de 80% dos consumidores s\u00f3 t\u00eam comprado o essencial<\/h2>\n\n\n\n<p>Quase 80% dos <a href=\"https:\/\/investnews.com.br\/tag\/consumo\/\" class=\"rank-math-link\">consumidores<\/a> est\u00e3o comprando apenas produtos essenciais em meio \u00e0 quarentena para conter o avan\u00e7o da covid-19, mostram recortes espec\u00edficos das pesquisas de confian\u00e7a na Funda\u00e7\u00e3o Get\u00falio Vargas (<a href=\"https:\/\/investnews.com.br\/tag\/fundacao-getulio-vargas\/\" class=\"rank-math-link\">FGV<\/a>). E, conforme dados pr\u00e9vios de abril, o setor empresarial que est\u00e1 mais pessimista com a crise econ\u00f4mica \u00e9 a constru\u00e7\u00e3o civil.<\/p>\n\n\n\n<p>Em mar\u00e7o, as pesquisas da FGV j\u00e1 haviam registrado fortes quedas na confian\u00e7a, de consumidores e de empres\u00e1rios, por causa da pandemia. Por isso, para as sondagens de abril, que ser\u00e3o divulgadas na pr\u00f3xima semana, foram elaboradas quest\u00f5es espec\u00edficas sobre a nova crise econ\u00f4mica. Com 85% das entrevistas j\u00e1 feitas, a FGV fez uma pr\u00e9via dos resultados.<\/p>\n\n\n\n<p>Entre os consumidores, 79,1% disseram que est\u00e3o comprando apenas o essencial. Na m\u00e9dia geral, apenas 15,4% do total de entrevistados responderam que, &#8220;por enquanto, n\u00e3o foram afetados&#8221;.<\/p>\n\n\n\n<h2 class=\"wp-block-heading\">3 &#8211; Quarentena em SP faz aumentar reciclagem e diminuir produ\u00e7\u00e3o de lixo<\/h2>\n\n\n\n<p>A quarentena na capital paulista est\u00e1 mudando o perfil do lixo produzido pelo paulistano. De acordo com a Autoridade Municipal de Limpeza Urbana (Amlurb), da prefeitura de <a href=\"https:\/\/investnews.com.br\/tag\/sao-paulo\/\" class=\"rank-math-link\">S\u00e3o Paulo<\/a>, o per\u00edodo de isolamento social fez com que houvesse queda de 56% nos res\u00edduos recolhidos pela varri\u00e7\u00e3o das ruas, diminui\u00e7\u00e3o de 12% do lixo comum e aumento de 25% na coleta seletiva. Os dados consideram a primeira quinzena de abril em compara\u00e7\u00e3o a igual per\u00edodo do ano passado.\u00a0<\/p>\n\n\n\n<p>A prefeitura considera lixo comum os res\u00edduos produzidos nas resid\u00eancias e estabelecimentos comerciais pequenos, que geram at\u00e9 200 litros de lixo por dia. A redu\u00e7\u00e3o desse tipo de res\u00edduo, segundo a Amlurb, deve-se ao fechamento tempor\u00e1rio de servi\u00e7os presenciais n\u00e3o essenciais no munic\u00edpio no per\u00edodo da quarentena.<\/p>\n\n\n\n<p>Segundo o levantamento, foram coletadas 4 mil toneladas de res\u00edduos recicl\u00e1veis nos primeiros 15 dias de abril. No mesmo per\u00edodo em 2019, foram recolhidas 3,2 mil toneladas, um crescimento de 25%. A eleva\u00e7\u00e3o fez com que as centrais mecanizadas de triagem de lixo recicl\u00e1vel do munic\u00edpio, que antes operavam com capacidade de 50%, passassem a trabalhar em 70%.\u00a0<\/p>\n\n\n\n<h2 class=\"wp-block-heading\">4 &#8211; Trump anuncia suspens\u00e3o tempor\u00e1ria de imigra\u00e7\u00e3o para os EUA<\/h2>\n\n\n\n<p>O presidente dos EUA, <a href=\"https:\/\/investnews.com.br\/tag\/donald-trump\/\" class=\"rank-math-link\">Donald Trump<\/a>, ordenou a suspens\u00e3o por 60 dias da emiss\u00e3o de &#8220;green cards&#8221; &#8211; o documento de resid\u00eancia permanente concedido a estrangeiros. Com o aprofundamento da recess\u00e3o, em meio \u00e0 pandemia de coronav\u00edrus, ele decidiu ainda proibir temporariamente a entrada de imigra\u00e7\u00e3o.<\/p>\n\n\n\n<p>A justificativa \u00e9 de que \u00e9 preciso garantir que americanos que est\u00e3o <a href=\"https:\/\/investnews.com.br\/tag\/desemprego\/\" class=\"rank-math-link\">desempregados<\/a> tenham lugar no mercado de trabalho quando a economia voltar a funcionar. &#8220;Milh\u00f5es de americanos sacrificaram seus empregos, temos o dever de assegurar que consigam recuperar seus trabalhos&#8221;, disse Trump.<\/p>\n\n\n\n<p>Os Estados Unidos registraram 1.433 mortes ligadas ao novo coronav\u00edrus, provavelmente o &#8220;inimigo invis\u00edvel&#8221; ao qual Trump se referiu, nas \u00faltimas 24 horas, um queda em rela\u00e7\u00e3o \u00e0 v\u00e9spera, informou na noite desta segunda-feira (20) a Universidade John Hopkins. No total, o pa\u00eds tem 42.094 \u00f3bitos desde o in\u00edcio da epidemia &#8211; o que o torna o mais castigado em n\u00fameros absolutos de mortes.<\/p>\n\n\n\n<h2 class=\"wp-block-heading\">5 &#8211; C\u00e2mara deve votar nesta quarta programa de cr\u00e9dito a micro e pequenas empresas<\/h2>\n\n\n\n<p>A <a href=\"https:\/\/investnews.com.br\/tag\/camara-dos-deputados\/\" class=\"rank-math-link\">C\u00e2mara dos Deputados<\/a> deve votar nesta quarta-feira (22) o projeto de lei do Senado que institui o Programa Nacional de Apoio \u00e0s Microempresas e Empresas de Pequeno Porte, chamado de <a href=\"https:\/\/investnews.com.br\/tag\/pronampe\/\" class=\"rank-math-link\">Pronampe<\/a>. O texto j\u00e1 foi aprovado pela Casa vizinha, no \u00faltimo dia 7, como parte do pacote de medidas do legislativo para atenuar os impactos do novo coronav\u00edrus na economia brasileira.<\/p>\n\n\n\n<p>O projeto cria uma linha de <a href=\"https:\/\/investnews.com.br\/tag\/credito\/\" class=\"rank-math-link\">cr\u00e9dito<\/a> a micro e pequenas empresas durante a pandemia e prev\u00ea a destina\u00e7\u00e3o de R$ 10,9 bilh\u00f5es do <a href=\"https:\/\/investnews.com.br\/tag\/tesouro-nacional\/\" class=\"rank-math-link\">Tesouro<\/a> para operacionalizar o financiamento.<\/p>\n\n\n\n<p>A pauta desta quarta-feira tamb\u00e9m prev\u00ea a vota\u00e7\u00e3o de requerimentos de urg\u00eancia, como o do projeto que institui o empr\u00e9stimo compuls\u00f3rio para atender \u00e0s despesas urgentes causadas pela situa\u00e7\u00e3o de calamidade.<\/p>\n\n\n\n<p><em>*Com Estad\u00e3o Conte\u00fado e Ag\u00eancia Brasil<\/em><\/p>\n","protected":false},"excerpt":{"rendered":"<p>Saiba mais sobre o programa de cr\u00e9dito que vai ser votado na C\u00e2mara e a previs\u00e3o de reabertura da It\u00e1lia.<\/p>\n","protected":false},"author":17,"featured_media":5144,"comment_status":"open","ping_status":"open","sticky":false,"template":"","format":"standard","meta":{"_acf_changed":false,"inline_featured_image":false,"footnotes":""},"categories":[5],"tags":[75,42,374,79,839,1080,881,299],"autor-wsj":[],"coauthors":[],"class_list":["post-9059","post","type-post","status-publish","format-standard","has-post-thumbnail","hentry","category-economia","tag-consumo","tag-credito","tag-desemprego","tag-donald-trump","tag-italia","tag-pronampe","tag-quarentena","tag-tesouro-nacional"],"acf":[],"amp_enabled":true,"_links":{"self":[{"href":"https:\/\/investnews.com.br\/inv-api\/wp\/v2\/posts\/9059","targetHints":{"allow":["GET"]}}],"collection":[{"href":"https:\/\/investnews.com.br\/inv-api\/wp\/v2\/posts"}],"about":[{"href":"https:\/\/investnews.com.br\/inv-api\/wp\/v2\/types\/post"}],"author":[{"embeddable":true,"href":"https:\/\/investnews.com.br\/inv-api\/wp\/v2\/users\/17"}],"replies":[{"embeddable":true,"href":"https:\/\/investnews.com.br\/inv-api\/wp\/v2\/comments?post=9059"}],"version-history":[{"count":6,"href":"https:\/\/investnews.com.br\/inv-api\/wp\/v2\/posts\/9059\/revisions"}],"predecessor-version":[{"id":333436,"href":"https:\/\/investnews.com.br\/inv-api\/wp\/v2\/posts\/9059\/revisions\/333436"}],"wp:featuredmedia":[{"embeddable":true,"href":"https:\/\/investnews.com.br\/inv-api\/wp\/v2\/media\/5144"}],"wp:attachment":[{"href":"https:\/\/investnews.com.br\/inv-api\/wp\/v2\/media?parent=9059"}],"wp:term":[{"taxonomy":"category","embeddable":true,"href":"https:\/\/investnews.com.br\/inv-api\/wp\/v2\/categories?post=9059"},{"taxonomy":"post_tag","embeddable":true,"href":"https:\/\/investnews.com.br\/inv-api\/wp\/v2\/tags?post=9059"},{"taxonomy":"autor-wsj","embeddable":true,"href":"https:\/\/investnews.com.br\/inv-api\/wp\/v2\/autor-wsj?post=9059"},{"taxonomy":"author","embeddable":true,"href":"https:\/\/investnews.com.br\/inv-api\/wp\/v2\/coauthors?post=9059"}],"curies":[{"name":"wp","href":"https:\/\/api.w.org\/{rel}","templated":true}]}}