{"id":9112,"date":"2020-04-23T06:15:00","date_gmt":"2020-04-23T09:15:00","guid":{"rendered":"https:\/\/investnews.com.br\/?p=9112"},"modified":"2024-06-24T21:46:52","modified_gmt":"2024-06-25T00:46:52","slug":"taxa-selic-deve-cair-mais-que-o-esperado-saiba-investir-com-juros-tao-baixos","status":"publish","type":"post","link":"https:\/\/investnews.com.br\/financas\/taxa-selic-deve-cair-mais-que-o-esperado-saiba-investir-com-juros-tao-baixos\/","title":{"rendered":"Taxa Selic deve cair mais que o esperado. Saiba investir com juros t\u00e3o baixos"},"content":{"rendered":"\n<figure class=\"wp-block-embed-youtube wp-block-embed is-type-video is-provider-youtube wp-embed-aspect-16-9 wp-has-aspect-ratio\"><div class=\"wp-block-embed__wrapper\">\n<iframe loading=\"lazy\" title=\"SELIC DEVE CAIR MAIS QUE O ESPERADO. ONDE INVESTIR COM JUROS T\u00c3O BAIXOS? E O PETR\u00d3LEO COM ISSO?\" width=\"500\" height=\"281\" src=\"https:\/\/www.youtube.com\/embed\/RMlEwE3IUKk?feature=oembed\" frameborder=\"0\" allow=\"accelerometer; autoplay; clipboard-write; encrypted-media; gyroscope; picture-in-picture; web-share\" referrerpolicy=\"strict-origin-when-cross-origin\" allowfullscreen><\/iframe>\n<\/div><\/figure>\n\n\n\n<p>O novo \u2018<a href=\"https:\/\/investnews.com.br\/tag\/petroleo\/\" class=\"rank-math-link\"><strong>crash do petr\u00f3leo<\/strong><\/a>\u2019, que levou o barril do tipo <a href=\"https:\/\/investnews.com.br\/tag\/wti\/\" class=\"rank-math-link\"><strong>WTI<\/strong><\/a>, refer\u00eancia nos Estados Unidos, a fechar no negativo na segunda-feira (20), abalou mercados do mundo inteiro e evidenciou o tamanho do colapso na economia global. Claro que o Brasil n\u00e3o escapou. Aqui, a queda hist\u00f3rica do petr\u00f3leo mexeu inclusive com as perspectivas de juros. Se antes era esperada uma queda da <a href=\"https:\/\/investnews.com.br\/tag\/selic\/\" class=\"rank-math-link\"><strong>taxa Selic<\/strong><\/a> dos atuais 3,75% para 3,25% ao ano, agora o mercado j\u00e1 espera uma queda de 0,75 ponto percentual na pr\u00f3xima reuni\u00e3o do Comit\u00ea de Pol\u00edtica Monet\u00e1ria do Banco Central (<a href=\"https:\/\/investnews.com.br\/tag\/copom\/\" class=\"rank-math-link\"><strong>Copom<\/strong><\/a>), dia 06 de maio, o que levaria os juros para 3% ao ano, uma nova m\u00ednima hist\u00f3rica.<\/p>\n\n\n\n<p>No Cafe\u00edna de hoje, Samy Dana e Priscila Yazbek explicam quais fatores o Banco Central leva em considera\u00e7\u00e3o para elevar ou reduzir a taxa b\u00e1sica de juros da economia, a Selic. Entenda tamb\u00e9m por que as recentes oscila\u00e7\u00f5es nas cota\u00e7\u00f5es do petr\u00f3leo mudaram as perspectivas para os juros futuros no Brasil. E saiba como reorganizar seus <a href=\"https:\/\/investnews.com.br\/tag\/investimentos-pessoais\" class=\"rank-math-link\"><strong>investimentos<\/strong><\/a> para o poss\u00edvel cen\u00e1rio de juros aos 3% ao ano e <a href=\"https:\/\/investnews.com.br\/tag\/bolsa-de-valores\/\" class=\"rank-math-link\"><strong>Bolsa<\/strong><\/a> em baixa.<\/p>\n\n\n\n<p>E ainda: Ta\u00eds Laporta mostra que as empresas de capital aberto est\u00e3o cortando <a href=\"https:\/\/investnews.com.br\/tag\/dividendos\/\" class=\"rank-math-link\"><strong>dividendos<\/strong><\/a> (lucro distribu\u00eddo aos acionistas) para se adequar aos novos tempos de pandemia do <a href=\"https:\/\/investnews.com.br\/tag\/coronavirus\/\" class=\"rank-math-link\"><strong>coronav\u00edrus<\/strong><\/a>. E no Pitaco, Samy comenta os <a href=\"https:\/\/investnews.com.br\/economia\/planos-de-saude-reduzem-custos-na-pandemia-mas-temem-estouro-da-inadimplencia\/\" class=\"rank-math-link\">altos e baixos das a\u00e7\u00f5es do setor de sa\u00fade<\/a> e as estrat\u00e9gias da <a href=\"https:\/\/investnews.com.br\/financas\/agora-e-o-coronavirus-que-da-as-cartas-diz-gestor-do-julius-baer\/\" class=\"rank-math-link\">gestora Julius Baer para sobreviver ao estresse do mercado<\/a>.<\/p>\n","protected":false},"excerpt":{"rendered":"<p>O que leva a taxa b\u00e1sica de juros da economia, Selic, a cair ou subir? Samy Dana responde e diz por que  o crash do petr\u00f3leo pode ter ampliado a queda da taxa<\/p>\n","protected":false},"author":7,"featured_media":9113,"comment_status":"open","ping_status":"open","sticky":false,"template":"","format":"video","meta":{"_acf_changed":false,"inline_featured_image":false,"footnotes":""},"categories":[4],"tags":[56,226,499,223,68,21,85,51],"autor-wsj":[],"coauthors":[],"class_list":["post-9112","post","type-post","status-publish","format-video","has-post-thumbnail","hentry","category-financas","tag-banco-central","tag-bolsa-de-valores","tag-economia","tag-financas-pessoais","tag-investimentos-pessoais","tag-petrobras","tag-planos-de-saude","tag-selic","post_format-post-format-video"],"acf":[],"amp_enabled":true,"_links":{"self":[{"href":"https:\/\/investnews.com.br\/inv-api\/wp\/v2\/posts\/9112","targetHints":{"allow":["GET"]}}],"collection":[{"href":"https:\/\/investnews.com.br\/inv-api\/wp\/v2\/posts"}],"about":[{"href":"https:\/\/investnews.com.br\/inv-api\/wp\/v2\/types\/post"}],"author":[{"embeddable":true,"href":"https:\/\/investnews.com.br\/inv-api\/wp\/v2\/users\/7"}],"replies":[{"embeddable":true,"href":"https:\/\/investnews.com.br\/inv-api\/wp\/v2\/comments?post=9112"}],"version-history":[{"count":13,"href":"https:\/\/investnews.com.br\/inv-api\/wp\/v2\/posts\/9112\/revisions"}],"predecessor-version":[{"id":9157,"href":"https:\/\/investnews.com.br\/inv-api\/wp\/v2\/posts\/9112\/revisions\/9157"}],"wp:featuredmedia":[{"embeddable":true,"href":"https:\/\/investnews.com.br\/inv-api\/wp\/v2\/media\/9113"}],"wp:attachment":[{"href":"https:\/\/investnews.com.br\/inv-api\/wp\/v2\/media?parent=9112"}],"wp:term":[{"taxonomy":"category","embeddable":true,"href":"https:\/\/investnews.com.br\/inv-api\/wp\/v2\/categories?post=9112"},{"taxonomy":"post_tag","embeddable":true,"href":"https:\/\/investnews.com.br\/inv-api\/wp\/v2\/tags?post=9112"},{"taxonomy":"autor-wsj","embeddable":true,"href":"https:\/\/investnews.com.br\/inv-api\/wp\/v2\/autor-wsj?post=9112"},{"taxonomy":"author","embeddable":true,"href":"https:\/\/investnews.com.br\/inv-api\/wp\/v2\/coauthors?post=9112"}],"curies":[{"name":"wp","href":"https:\/\/api.w.org\/{rel}","templated":true}]}}