{"id":9144,"date":"2020-04-23T03:31:00","date_gmt":"2020-04-23T06:31:00","guid":{"rendered":"https:\/\/investnews.com.br\/?p=9144"},"modified":"2025-12-08T13:31:47","modified_gmt":"2025-12-08T16:31:47","slug":"5-fatos-para-saber-hoje-ministerio-cancela-2a-parcela-do-coronavoucher","status":"publish","type":"post","link":"https:\/\/investnews.com.br\/economia\/5-fatos-para-saber-hoje-ministerio-cancela-2a-parcela-do-coronavoucher\/","title":{"rendered":"5 fatos para saber hoje: Minist\u00e9rio cancela 2\u00aa parcela do coronavoucher"},"content":{"rendered":"\n<h2 class=\"wp-block-heading\">1 &#8211; Minist\u00e9rio cancela antecipa\u00e7\u00e3o de 2\u00aa parcela de aux\u00edlio emergencial<\/h2>\n\n\n\n<p>O Minist\u00e9rio da Cidadania informou, em nota divulgada na noite de ontem (22), que o governo est\u00e1 impedido legalmente de fazer a antecipa\u00e7\u00e3o da segunda parcela do <a class=\"rank-math-link\" href=\"https:\/\/investnews.com.br\/tag\/coronavoucher\/\">aux\u00edlio emergencial<\/a> de R$ 600. Na segunda-feira (22), o presidente da <a class=\"rank-math-link\" href=\"https:\/\/investnews.com.br\/tag\/caixa-economica-federal\/\">Caixa Econ\u00f4mica Federal<\/a>, Pedro Guimar\u00e3es, anunciou que os trabalhadores informais e pessoas inscritas no Cadastro \u00danico de Programas Sociais do governo federal (<a class=\"rank-math-link\" href=\"https:\/\/investnews.com.br\/tag\/cadunico\/\">Cad\u00danico<\/a>) nascidas em janeiro e fevereiro\u00a0<a href=\"https:\/\/agenciabrasil.ebc.com.br\/economia\/noticia\/2020-04\/caixa-antecipa-pagamento-da-segunda-parcela-de-auxilio-emergencial\" target=\"_blank\" rel=\"noreferrer noopener\">receberiam a segunda parcela<\/a>\u00a0hoje (23).\u00a0<\/p>\n\n\n\n<p>Segundo a nota, o minist\u00e9rio recebeu uma recomenda\u00e7\u00e3o da Controladoria Geral da Uni\u00e3o (CGU) e cancelou a antecipa\u00e7\u00e3o da segunda parcela.&nbsp;<\/p>\n\n\n\n<p>O Minist\u00e9rio da Cidadania explicou que, devido ao alto n\u00famero de informais cadastrados, o recurso dispon\u00edvel para cada uma das tr\u00eas parcelas \u00e9 de R$ 32,7 bilh\u00f5es, j\u00e1 foram transferidos R$ 31,3 bilh\u00f5es, e ainda ser\u00e3o avaliados cerca de 12 milh\u00f5es de cadastros para a primeira parcela. Em fun\u00e7\u00e3o disso, o minist\u00e9rio produziu nesta quarta-feira uma nota t\u00e9cnica e solicitou ao <a href=\"https:\/\/investnews.com.br\/tag\/ministerio-da-economia\/\" class=\"rank-math-link\">Minist\u00e9rio da Economia<\/a> a previs\u00e3o para uma suplementa\u00e7\u00e3o or\u00e7amentaria o mais r\u00e1pido poss\u00edvel.<\/p>\n\n\n\n<p>Segundo a nota, em fun\u00e7\u00e3o disso, por fatores legais e or\u00e7ament\u00e1rios e pelo alto n\u00famero de requerentes que ainda est\u00e3o em an\u00e1lise, o minist\u00e9rio est\u00e1 impedido legalmente de fazer a antecipa\u00e7\u00e3o da segunda parcela do aux\u00edlio.<\/p>\n\n\n\n<h2 class=\"wp-block-heading\">2 &#8211; Brasil tem 43 shoppings reabertos<\/h2>\n\n\n\n<p>O relaxamento das medidas de isolamento social em v\u00e1rias regi\u00f5es do Pa\u00eds j\u00e1 se reflete no setor de <a href=\"https:\/\/investnews.com.br\/tag\/varejo\/\" class=\"rank-math-link\">varejo<\/a>. Na quarta-feira (22) o setor contabilizava 43 shopping centers reabertos em 19 cidades. At\u00e9 semana passada, todas os 577 centros de compras permaneciam fechados.<\/p>\n\n\n\n<p>A mudan\u00e7a se d\u00e1 por conta da suspens\u00e3o de parte dos decretos publicados por prefeituras e governos estaduais proibindo o funcionamento do com\u00e9rcio a fim de reduzir a circula\u00e7\u00e3o de pessoas e a transmiss\u00e3o do coronav\u00edrus nas \u00faltimas semanas.<\/p>\n\n\n\n<p>A grande expectativa dos comerciantes \u00e9 de voltar a atender o p\u00fablico antes do Dia das M\u00e3es, no fim de semana de 10 de maio. Na quarta-feira, 22, a Federa\u00e7\u00e3o das Associa\u00e7\u00f5es Comerciais do Estado S\u00e3o Paulo (Facesp) e a Associa\u00e7\u00e3o Comercial de S\u00e3o Paulo (ACSP) divulgaram comunicado em que pedem para que o com\u00e9rcio seja parcialmente reaberto a partir do dia 1\u00ba de maio. Na semana passada, o governador, <a href=\"https:\/\/investnews.com.br\/tag\/joao-doria\/\" class=\"rank-math-link\">Jo\u00e3o Doria<\/a> (PSDB), anunciou que s\u00f3 a partir de 11 de maio ser\u00e1 feito o relaxamento da quarentena no Estado.<\/p>\n\n\n\n<p>Nos shoppings reabertos, o funcionamento segue regras espec\u00edficas dos decretos locais, como funcionamento em hor\u00e1rio reduzido (entre 12h e 20h), pra\u00e7a de alimenta\u00e7\u00e3o com menos mesas, e fechamento dos cinemas por enquanto.<\/p>\n\n\n\n<h2 class=\"wp-block-heading\">3 &#8211; C\u00e2mara conclui vota\u00e7\u00e3o de projeto de cr\u00e9dito a micro e pequenas empresas<\/h2>\n\n\n\n<p>A <a href=\"https:\/\/investnews.com.br\/tag\/camara-dos-deputados\/\" class=\"rank-math-link\">C\u00e2mara<\/a> concluiu a vota\u00e7\u00e3o do projeto de lei para criar linha de cr\u00e9dito a micro e pequenas empresas durante a crise da covid-19. A aprova\u00e7\u00e3o do texto-base foi simb\u00f3lica, sem a contagem de votos, e nenhum destaque foi aprovado. Agora, como houve altera\u00e7\u00f5es feitas pela relatora Joice Hasselmann (PSL-SP), a proposta voltar\u00e1 ao Senado, Casa de origem, antes de ir \u00e0 san\u00e7\u00e3o.<\/p>\n\n\n\n<p>O objetivo do Programa Nacional de Apoio \u00e0s Microempresas e Empresas de Pequeno Porte (<a href=\"https:\/\/investnews.com.br\/tag\/pronampe\/\" class=\"rank-math-link\">Pronampe<\/a>) \u00e9 fortalecer os pequenos neg\u00f3cios e mitigar os efeitos da crise gerada pela queda no faturamento em raz\u00e3o das restri\u00e7\u00f5es impostas ao funcionamento de empresas nesse per\u00edodo.<\/p>\n\n\n\n<p>Uma das mudan\u00e7as aprovadas na C\u00e2mara diminui o limite de empr\u00e9stimo para 30% do faturamento anual da empresa e n\u00e3o mais 50% como definido pelo <a href=\"https:\/\/investnews.com.br\/tag\/senado\/\" class=\"rank-math-link\">Senado<\/a>.<\/p>\n\n\n\n<h2 class=\"wp-block-heading\">4 &#8211; Senado amplia aux\u00edlio emergencial a informais e projeto segue para san\u00e7\u00e3o<\/h2>\n\n\n\n<p>O Senado aprovou a amplia\u00e7\u00e3o do aux\u00edlio emergencial de R$ 600 pago a trabalhadores informais durante tr\u00eas meses. O projeto garante o benef\u00edcio para m\u00e3es adolescentes e o dobro do valor (R$ 1,2 mil) para pais chefes de fam\u00edlia. Atualmente, apenas as m\u00e3es solteiras e maiores de idade s\u00e3o beneficiadas. A proposta depende agora de san\u00e7\u00e3o do presidente <a href=\"https:\/\/investnews.com.br\/tag\/jair-bolsonaro\/\" class=\"rank-math-link\">Jair Bolsonaro<\/a> para entrar em vigor e alterar as regras do pagamento.<\/p>\n\n\n\n<p>O aux\u00edlio foi desenhado para auxiliar informais durante a crise do novo coronav\u00edrus. Segundo c\u00e1lculos do Minist\u00e9rio da Economia, a amplia\u00e7\u00e3o ter\u00e1 um custo extra de R$ 9,7 bilh\u00f5es, al\u00e9m dos R$ 98 bilh\u00f5es previstos inicialmente. O Senado reverteu uma mudan\u00e7a feita na C\u00e2mara dos Deputados e evitou um impacto maior, de R$ 15,1 bilh\u00f5es. A proposta foi aprovada por unanimidade, com 80 votos.<\/p>\n\n\n\n<p>O texto aprovado garante o benef\u00edcio a uma s\u00e9rie de categorias informais, classificadas como &#8220;invis\u00edveis&#8221;, reduzindo a margem para o governo deixar de fazer a transfer\u00eancia para esses trabalhadores. O Executivo federal come\u00e7ou a pagar o aux\u00edlio emergencial no \u00faltimo dia 9. A proposta agora deixa clara a garantia para cabeleireiros, barraqueiros de praia, cabeleireiros e baianas de acaraj\u00e9, entre outros.<\/p>\n\n\n\n<h2 class=\"wp-block-heading\">5 &#8211; Seis dias depois de assumir a Sa\u00fade, Teich segue estudando o novo coronav\u00edrus<\/h2>\n\n\n\n<p>Seis dias depois de ser escolhido para assumir o comando do <a href=\"https:\/\/investnews.com.br\/economia\/\">Minist\u00e9rio da Sa\u00fade<\/a>, Nelson Teich disse que ainda est\u00e1 estudando a situa\u00e7\u00e3o do novo coronav\u00edrus no Pa\u00eds e que precisa de mais informa\u00e7\u00f5es para agir. De concreto, n\u00e3o anunciou nada al\u00e9m do nome de seu novo &#8220;bra\u00e7o-direito&#8221;, o secret\u00e1rio-executivo do minist\u00e9rio, general Eduardo Pazuello, que na realidade \u00e9 uma escolha pessoal do presidente Jair Bolsonaro acatada por Teich. O novo ministro conheceu seu maior aliado no Minist\u00e9rio da Sa\u00fade s\u00f3 nesta segunda-feira (20).<\/p>\n\n\n\n<p>Em sua primeira entrevista coletiva, Nelson Teich, voltou a repetir hoje afirma\u00e7\u00f5es de seu primeiro discurso. &#8220;A gente sabe muito pouco da doen\u00e7a&#8221;, disse o ministro. &#8220;A informa\u00e7\u00e3o sobre a doen\u00e7a \u00e9 cr\u00edtica. A impress\u00e3o que eu tenho \u00e9 que a gente tem que ser muito mais eficiente do que \u00e9 hoje. \u00c9 uma corrida contra o tempo&#8221;, disse o ministro.<\/p>\n\n\n\n<p>Desde o primeiro discurso de Teich, na quinta-feira passada, at\u00e9 agora, os dados oficiais saltaram de 30.420 casos de contamina\u00e7\u00f5es para 45.757 casos nesta quarta-feira (22). S\u00e3o mais de 15 mil novos casos confirmados. Sobre o n\u00famero de mortos, s\u00e3o quase 1 mil \u00f3bitos no mesmo intervalo, saindo de 1.924 mortos para os atuais 2.906 mortos.<\/p>\n\n\n\n<p><em>*Com Estad\u00e3o Conte\u00fado e Ag\u00eancia Brasil<\/em><\/p>\n","protected":false},"excerpt":{"rendered":"<p>O governo parece ter gasto al\u00e9m do previsto com o aux\u00edlio emergencial e agora busca novas formas de financiamento.<\/p>\n","protected":false},"author":17,"featured_media":8257,"comment_status":"open","ping_status":"open","sticky":false,"template":"","format":"standard","meta":{"_acf_changed":false,"inline_featured_image":false,"footnotes":""},"categories":[5],"tags":[58,923,234,394,240,1080,376],"autor-wsj":[],"coauthors":[1498],"class_list":["post-9144","post","type-post","status-publish","format-standard","has-post-thumbnail","hentry","category-economia","tag-caixa-economica-federal","tag-coronavoucher","tag-jair-bolsonaro","tag-joao-doria","tag-ministerio-da-economia","tag-pronampe","tag-varejo"],"acf":[],"amp_enabled":true,"_links":{"self":[{"href":"https:\/\/investnews.com.br\/inv-api\/wp\/v2\/posts\/9144","targetHints":{"allow":["GET"]}}],"collection":[{"href":"https:\/\/investnews.com.br\/inv-api\/wp\/v2\/posts"}],"about":[{"href":"https:\/\/investnews.com.br\/inv-api\/wp\/v2\/types\/post"}],"author":[{"embeddable":true,"href":"https:\/\/investnews.com.br\/inv-api\/wp\/v2\/users\/17"}],"replies":[{"embeddable":true,"href":"https:\/\/investnews.com.br\/inv-api\/wp\/v2\/comments?post=9144"}],"version-history":[{"count":5,"href":"https:\/\/investnews.com.br\/inv-api\/wp\/v2\/posts\/9144\/revisions"}],"predecessor-version":[{"id":740797,"href":"https:\/\/investnews.com.br\/inv-api\/wp\/v2\/posts\/9144\/revisions\/740797"}],"wp:featuredmedia":[{"embeddable":true,"href":"https:\/\/investnews.com.br\/inv-api\/wp\/v2\/media\/8257"}],"wp:attachment":[{"href":"https:\/\/investnews.com.br\/inv-api\/wp\/v2\/media?parent=9144"}],"wp:term":[{"taxonomy":"category","embeddable":true,"href":"https:\/\/investnews.com.br\/inv-api\/wp\/v2\/categories?post=9144"},{"taxonomy":"post_tag","embeddable":true,"href":"https:\/\/investnews.com.br\/inv-api\/wp\/v2\/tags?post=9144"},{"taxonomy":"autor-wsj","embeddable":true,"href":"https:\/\/investnews.com.br\/inv-api\/wp\/v2\/autor-wsj?post=9144"},{"taxonomy":"author","embeddable":true,"href":"https:\/\/investnews.com.br\/inv-api\/wp\/v2\/coauthors?post=9144"}],"curies":[{"name":"wp","href":"https:\/\/api.w.org\/{rel}","templated":true}]}}