{"id":9329,"date":"2020-04-27T05:27:00","date_gmt":"2020-04-27T08:27:00","guid":{"rendered":"https:\/\/investnews.com.br\/?p=9329"},"modified":"2024-06-26T12:29:26","modified_gmt":"2024-06-26T15:29:26","slug":"5-fatos-para-saber-hoje-declaracoes-de-trump-aumentam-casos-de-intoxicacao","status":"publish","type":"post","link":"https:\/\/investnews.com.br\/economia\/5-fatos-para-saber-hoje-declaracoes-de-trump-aumentam-casos-de-intoxicacao\/","title":{"rendered":"5 fatos para saber hoje: declara\u00e7\u00f5es de Trump aumentam casos de intoxica\u00e7\u00e3o"},"content":{"rendered":"\n<h2 class=\"wp-block-heading\">1 &#8211; NY registra aumento de intoxica\u00e7\u00e3o por desinfetante ap\u00f3s sugest\u00e3o de Trump<\/h2>\n\n\n\n<p>A cidade de <a href=\"https:\/\/investnews.com.br\/tag\/nova-york\/\" class=\"rank-math-link\">Nova York<\/a> registrou um aumento no n\u00famero de casos de intoxica\u00e7\u00e3o por desinfetante, ap\u00f3s o presidente dos Estados Unidos, <a href=\"https:\/\/investnews.com.br\/tag\/donald-trump\/\" class=\"rank-math-link\">Donald Trump<\/a>, ter sugerido em coletiva de imprensa que a inje\u00e7\u00e3o do produto poderia ajudar no tratamento contra o novo <a href=\"https:\/\/investnews.com.br\/tag\/coronavirus\/\" class=\"rank-math-link\">coronav\u00edrus<\/a>. As informa\u00e7\u00f5es s\u00e3o da rede americana NBC.<\/p>\n\n\n\n<p>De acordo com a NBC, o centro de controle de envenenamento da cidade recebeu 30 chamadas relacionadas aos produtos nas 18 horas seguintes \u00e0 sugest\u00e3o do presidente &#8211; mais que o dobro do mesmo per\u00edodo no ano passado, quando apenas 13 casos foram registrados.<\/p>\n\n\n\n<p>A declara\u00e7\u00e3o do presidente Donald Trump foi feita na \u00faltima quinta-feira, 23, em um briefing na Casa Branca. O presidente sugeriu que uma &#8220;inje\u00e7\u00e3o no interior&#8221; do corpo humano com um desinfetante como \u00e1gua sanit\u00e1ria ou \u00e1lcool isoprop\u00edlico poderia ajudar a combater o v\u00edrus.<\/p>\n\n\n\n<h2 class=\"wp-block-heading\">2 &#8211; It\u00e1lia iniciar\u00e1 relaxamento da quarentena em 4 de maio<\/h2>\n\n\n\n<p>O primeiro-ministro da <a href=\"https:\/\/investnews.com.br\/tag\/italia\/\" class=\"rank-math-link\">It\u00e1lia<\/a>, Giuseppe Conte, anunciou que o processo de relaxamento das medidas de distanciamento social no pa\u00eds come\u00e7ar\u00e1 em 4 de maio, com in\u00edcio da &#8220;fase 2&#8221; do combate ao coronav\u00edrus. A partir da data, restaurantes poder\u00e3o reabrir, mas os clientes n\u00e3o poder\u00e3o consumir nos locais. Parques p\u00fablicos tamb\u00e9m ser\u00e3o reabertos e funerais voltar\u00e3o a ser permitidos, desde que n\u00e3o re\u00fanam mais de 15 pessoas.<\/p>\n\n\n\n<p>Viagens para outras regi\u00f5es do pa\u00eds continuar\u00e3o proibidas. Em 18 de maio, empresas do setor de varejo, exposi\u00e7\u00f5es e museus retomar\u00e3o as atividades e equipes profissionais de esporte voltar\u00e3o a treinar. J\u00e1 restaurantes, bares e sal\u00f5es de beleza ser\u00e3o autorizados a voltar a operar completamente em 1\u00ba de junho. As escolas, por sua vez, s\u00f3 retornar\u00e3o em setembro.<\/p>\n\n\n\n<p>&#8220;Todos voc\u00eas (italianos) demonstraram for\u00e7a. Agora, uma nova fase se inicia. Precisamos implement\u00e1-la de forma met\u00f3dica e rigorosa&#8221;, disse Conte, em coletiva de imprensa.<\/p>\n\n\n\n<h2 class=\"wp-block-heading\">3 &#8211; P\u00f3s-Moro: Advogada e chefe de gabinete s\u00e3o cotados para SAJ<\/h2>\n\n\n\n<p>O presidente <a href=\"https:\/\/investnews.com.br\/tag\/jair-bolsonaro\/\" class=\"rank-math-link\">Jair Bolsonaro<\/a> avalia indicar o seu atual chefe de gabinete, Pedro C\u00e9sar Nunes de Sousa, ou sua advogada, Karina Kufa, para a Subchefia de Assuntos Jur\u00eddicos (SAJ). O \u00f3rg\u00e3o respons\u00e1vel pelos atos jur\u00eddicos do presidente \u00e9 acumulado hoje pelo ministro-chefe da Secretaria-Geral da Presid\u00eancia da Rep\u00fablica, Jorge Oliveira, que deve ser confirmado como novo ministro da Justi\u00e7a, no lugar de <a href=\"https:\/\/investnews.com.br\/tag\/sergio-moro\/\" class=\"rank-math-link\">S\u00e9rgio Moro<\/a>.<\/p>\n\n\n\n<p>Bolsonaro procura um nome de sua confian\u00e7a para a SAJ, uma vez que o \u00f3rg\u00e3o \u00e9 um dos mais importantes no governo. Pelas m\u00e3os da SAJ passam todos os atos jur\u00eddicos do governo para certificar sua conformidade legal.<\/p>\n\n\n\n<p>Advogado e major reformado, Pedro Nunes de Sousa \u00e9 considerado do n\u00facleo duro do presidente, que o acompanha desde a <a href=\"https:\/\/investnews.com.br\/tag\/camara-dos-deputados\/\" class=\"rank-math-link\">C\u00e2mara de Deputados<\/a>. Com a elei\u00e7\u00e3o de Bolsonaro, ganhou o cargo de chefe de gabinete. Discreto, ele \u00e9 pr\u00f3ximo de Jorge Oliveira e, entre suas atribui\u00e7\u00f5es, est\u00e1 a de organizar a agenda do presidente.<\/p>\n\n\n\n<p>Karina Kufa, por sua vez, passou a ter mais contato com Bolsonaro durante a campanha presidencial e se tornou pr\u00f3xima do deputado Eduardo Bolsonaro, filho &#8220;03&#8221; do presidente. A advogada assumiu a defesa de Bolsonaro em diversos processos na Justi\u00e7a ap\u00f3s o rompimento do presidente com o ex-ministro e advogado Gustavo Bebianno, que o representava perante a Justi\u00e7a. Karina tamb\u00e9m est\u00e1 \u00e0 frente da cria\u00e7\u00e3o do Alian\u00e7a pelo Brasil, partido que o presidente pretende criar. As informa\u00e7\u00f5es s\u00e3o do jornal&nbsp;&#8220;O Estado de S. Paulo&#8221;.<\/p>\n\n\n\n<h2 class=\"wp-block-heading\">4 &#8211; Brasil registra 189 mortes por covid-19 em 24h; totalizando 4.205 v\u00edtimas<\/h2>\n\n\n\n<p>O Brasil registrou 189 mortes decorrentes do novo coronav\u00edrus nas \u00faltimas 24 horas, segundo dados atualizados neste domingo (26) pelo <a href=\"https:\/\/investnews.com.br\/tag\/ministerio-da-saude\/\" class=\"rank-math-link\">Minist\u00e9rio da Sa\u00fade<\/a>. Com isso, o total de v\u00edtimas da covid-19 no Pa\u00eds chegou a 4.205. At\u00e9 s\u00e1bado, eram 4.016 \u00f3bitos. O n\u00famero de pessoas infectadas subiu para 61.888, em raz\u00e3o das novas 3.379 contamina\u00e7\u00f5es registradas no per\u00edodo.<\/p>\n\n\n\n<p>Para efeito de compara\u00e7\u00e3o, a <a href=\"https:\/\/investnews.com.br\/tag\/china\/\" class=\"rank-math-link\">China<\/a>, onde surgiu a doen\u00e7a, registra 4.632 mortes e 84,3 mil casos confirmados, segundo as informa\u00e7\u00f5es disponibilizadas pelos pr\u00f3prios pa\u00edses e reunidas pelo site Worldometers.<\/p>\n\n\n\n<p><a href=\"https:\/\/investnews.com.br\/tag\/sao-paulo\/\" class=\"rank-math-link\">S\u00e3o Paulo<\/a> \u00e9 o epicentro da pandemia no Brasil. At\u00e9 este domingo, o Estado tinha 20.715 casos confirmados e 1.700 mortes de pessoas infectadas pelo coronav\u00edrus. Outros estados t\u00eam situa\u00e7\u00e3o cr\u00edtica por conta da alta incid\u00eancia e da sobrecarga nos sistemas de sa\u00fade.<\/p>\n\n\n\n<h2 class=\"wp-block-heading\">5 &#8211; Embraer acusa Boeing de quebra de contrato<\/h2>\n\n\n\n<p>&nbsp;At\u00e9 ent\u00e3o parceiras, as fabricantes de avi\u00f5es <a href=\"https:\/\/investnews.com.br\/tag\/embraer\/\" class=\"rank-math-link\">Embraer<\/a> e <a href=\"https:\/\/investnews.com.br\/tag\/boeing\/\" class=\"rank-math-link\">Boeing<\/a> entraram em guerra neste s\u00e1bado (25) ap\u00f3s a americana ter anunciado que encerrou as negocia\u00e7\u00f5es para comprar a divis\u00e3o de avia\u00e7\u00e3o comercial da brasileira. As empresas haviam anunciado, em julho de 2018, o acordo de US$ 4,2 bilh\u00f5es, que recebeu aval do governo de Jair Bolsonaro sete meses depois.<\/p>\n\n\n\n<p>O an\u00fancio da Boeing se deu em meio a maior crise de sua hist\u00f3ria, que envolve dois acidentes com seu principal avi\u00e3o, o <a href=\"https:\/\/investnews.com.br\/tag\/737-max\/\" class=\"rank-math-link\">737 MAX<\/a>, e a paralisa\u00e7\u00e3o do setor a\u00e9reo em decorr\u00eancia da pandemia da covid-19. A companhia responsabilizou a Embraer pela n\u00e3o conclus\u00e3o do neg\u00f3cio. Em nota, afirmou que &#8220;exerceu seu direito de rescindir (o contrato) ap\u00f3s a Embraer n\u00e3o ter atendido as condi\u00e7\u00f5es necess\u00e1rias&#8221;, mas n\u00e3o especificou quais eram as condi\u00e7\u00f5es.<\/p>\n\n\n\n<p>A Embraer respondeu \u00e0s afirma\u00e7\u00f5es, tr\u00eas horas depois, tamb\u00e9m em nota, na qual acusou a americana de ter rescindido o contrato de forma indevida. &#8220;(A Boeing) fabricou falsas alega\u00e7\u00f5es como pretexto para tentar evitar seus compromissos de fechar a transa\u00e7\u00e3o e pagar \u00e0 Embraer o pre\u00e7o de compra de U$ 4,2 bilh\u00f5es.&#8221;<\/p>\n\n\n\n<p>Segundo o jornal &#8220;O Estado de S. Paulo&#8221; apurou, a brasileira pretende tentar retomar as negocia\u00e7\u00f5es e, caso n\u00e3o consiga chegar a um acordo, dever\u00e1 entrar na Justi\u00e7a para ser ressarcida. No documento emitido ontem, a Embraer afirma que &#8220;buscar\u00e1 todas as medidas cab\u00edveis contra a Boeing pelos danos sofridos como resultado do cancelamento indevido&#8221;.<\/p>\n\n\n\n<p><em>*Com Estad\u00e3o Conte\u00fado<\/em><\/p>\n","protected":false},"excerpt":{"rendered":"<p>As declara\u00e7\u00f5es de Trump, a sa\u00edda da quarentena italiana e a briga entre Embraer e Boeing.<\/p>\n","protected":false},"author":17,"featured_media":98,"comment_status":"open","ping_status":"open","sticky":false,"template":"","format":"standard","meta":{"_acf_changed":false,"inline_featured_image":false,"footnotes":""},"categories":[5],"tags":[244,404,79,839,234,245,177],"autor-wsj":[],"coauthors":[],"class_list":["post-9329","post","type-post","status-publish","format-standard","has-post-thumbnail","hentry","category-economia","tag-china","tag-coronavirus","tag-donald-trump","tag-italia","tag-jair-bolsonaro","tag-boeing","tag-embraer"],"acf":[],"amp_enabled":true,"_links":{"self":[{"href":"https:\/\/investnews.com.br\/inv-api\/wp\/v2\/posts\/9329","targetHints":{"allow":["GET"]}}],"collection":[{"href":"https:\/\/investnews.com.br\/inv-api\/wp\/v2\/posts"}],"about":[{"href":"https:\/\/investnews.com.br\/inv-api\/wp\/v2\/types\/post"}],"author":[{"embeddable":true,"href":"https:\/\/investnews.com.br\/inv-api\/wp\/v2\/users\/17"}],"replies":[{"embeddable":true,"href":"https:\/\/investnews.com.br\/inv-api\/wp\/v2\/comments?post=9329"}],"version-history":[{"count":7,"href":"https:\/\/investnews.com.br\/inv-api\/wp\/v2\/posts\/9329\/revisions"}],"predecessor-version":[{"id":333440,"href":"https:\/\/investnews.com.br\/inv-api\/wp\/v2\/posts\/9329\/revisions\/333440"}],"wp:featuredmedia":[{"embeddable":true,"href":"https:\/\/investnews.com.br\/inv-api\/wp\/v2\/media\/98"}],"wp:attachment":[{"href":"https:\/\/investnews.com.br\/inv-api\/wp\/v2\/media?parent=9329"}],"wp:term":[{"taxonomy":"category","embeddable":true,"href":"https:\/\/investnews.com.br\/inv-api\/wp\/v2\/categories?post=9329"},{"taxonomy":"post_tag","embeddable":true,"href":"https:\/\/investnews.com.br\/inv-api\/wp\/v2\/tags?post=9329"},{"taxonomy":"autor-wsj","embeddable":true,"href":"https:\/\/investnews.com.br\/inv-api\/wp\/v2\/autor-wsj?post=9329"},{"taxonomy":"author","embeddable":true,"href":"https:\/\/investnews.com.br\/inv-api\/wp\/v2\/coauthors?post=9329"}],"curies":[{"name":"wp","href":"https:\/\/api.w.org\/{rel}","templated":true}]}}