{"id":9408,"date":"2020-04-28T06:15:00","date_gmt":"2020-04-28T09:15:00","guid":{"rendered":"https:\/\/investnews.com.br\/?p=9408"},"modified":"2024-06-24T21:46:48","modified_gmt":"2024-06-25T00:46:48","slug":"economia-x-bolsa-o-que-vai-reagir-antes-e-qual-subiu-mais-desde-o-plano-real","status":"publish","type":"post","link":"https:\/\/investnews.com.br\/financas\/economia-x-bolsa-o-que-vai-reagir-antes-e-qual-subiu-mais-desde-o-plano-real\/","title":{"rendered":"Economia x Bolsa: O que vai reagir antes e qual subiu mais desde o Plano Real?"},"content":{"rendered":"\n<figure class=\"wp-block-embed-youtube wp-block-embed is-type-video is-provider-youtube wp-embed-aspect-16-9 wp-has-aspect-ratio\"><div class=\"wp-block-embed__wrapper\">\n<iframe loading=\"lazy\" title=\"PIB OU BOLSA: O QUE SUBIU MAIS EM 26 ANOS E QUAL SE RECUPERA DA PANDEMIA ANTES? E A CRISE POL\u00cdTICA\" width=\"500\" height=\"281\" src=\"https:\/\/www.youtube.com\/embed\/SzLrxyyP4rc?feature=oembed\" frameborder=\"0\" allow=\"accelerometer; autoplay; clipboard-write; encrypted-media; gyroscope; picture-in-picture; web-share\" referrerpolicy=\"strict-origin-when-cross-origin\" allowfullscreen><\/iframe>\n<\/div><\/figure>\n\n\n\n<p>A <a href=\"https:\/\/investnews.com.br\/tag\/bolsa-de-valores\/\" class=\"rank-math-link\"><strong>Bolsa<\/strong><\/a> e a riqueza da economia realmente andam juntas? No Cafe\u00edna de hoje, voc\u00ea vai ver a compara\u00e7\u00e3o entre a varia\u00e7\u00e3o do <a href=\"https:\/\/investnews.com.br\/tag\/ibovespa\/\" class=\"rank-math-link\"><strong>Ibovespa<\/strong><\/a>, principal \u00edndice do mercado de a\u00e7\u00f5es brasileiro, e o crescimento do <a href=\"https:\/\/investnews.com.br\/tag\/pib\/\" class=\"rank-math-link\"><strong>PIB<\/strong><\/a>, maior term\u00f4metro da atividade econ\u00f4mica do pa\u00eds, nos \u00faltimos 26 anos, desde o in\u00edcio do Plano Real, em 1994. <\/p>\n\n\n\n<p>Samy Dana e Priscila Yazbek mostram qual indicador teve o maior avan\u00e7o no per\u00edodo considerando o aumento do pre\u00e7os (<a href=\"https:\/\/investnews.com.br\/tag\/inflacao\/\" class=\"rank-math-link\">infla\u00e7\u00e3o<\/a>), ou em outras palavras, qual teve a maior varia\u00e7\u00e3o real. E a partir dos dados, eles respondem: Quem deve se recuperar primeiro da atual crise provocada pela <strong><a href=\"https:\/\/investnews.com.br\/tag\/pandemia\/\" class=\"rank-math-link\">pandemia<\/a><\/strong> do <a href=\"https:\/\/investnews.com.br\/tag\/coronavirus\/\" class=\"rank-math-link\"><strong>coronav\u00edrus<\/strong><\/a>? Ser\u00e3o as <a href=\"https:\/\/investnews.com.br\/tag\/acoes\/\" class=\"rank-math-link\"><strong>a\u00e7\u00f5es<\/strong><\/a> ou a economia?<\/p>\n\n\n\n<p>Veja tamb\u00e9m qual foi a varia\u00e7\u00e3o do <a href=\"https:\/\/investnews.com.br\/tag\/dolar\/\" class=\"rank-math-link\"><strong>d\u00f3lar<\/strong><\/a> considerando os mesmos par\u00e2metros. O resultado mostra que, apesar de a moeda ter batido R$ 5,67 na sexta, esse valor representa apenas o recorde nominal do d\u00f3lar. Ao incluir o aumento de pre\u00e7os nos Estados Unidos e no Brasil, a moeda j\u00e1 pesou mais no bolso e bateu o seu recorde real em 2002.<\/p>\n\n\n\n<p>E ainda: A Ta\u00eds Laporta mostra que a ind\u00fastria brasileira est\u00e1 substituindo a fabrica\u00e7\u00e3o dos seus produtos por itens essenciais a pedido do governo, <a href=\"https:\/\/investnews.com.br\/negocios\/economia-de-guerra-o-que-e-a-reconversao-industrial-e-para-que-serve\/\" class=\"rank-math-link\">t\u00e1tica que j\u00e1 foi usada antes em per\u00edodos de guerra.<\/a> <\/p>\n\n\n\n<p>E para fechar, no Pitaco Samy comenta: <a href=\"https:\/\/investnews.com.br\/financas\/acao-da-embraer-despenca-15-apos-fim-de-acordo-com-a-boeing\/\" class=\"rank-math-link\">o div\u00f3rcio litigioso entre Boeing e Embraer<\/a>; e o inferno astral da Bolsa, que al\u00e9m das crises na sa\u00fade e na economia <a href=\"https:\/\/investnews.com.br\/financas\/quantas-crises-ao-mesmo-tempo-o-ibovespa-aguenta\/\" class=\"rank-math-link\">agora sente os impactos tamb\u00e9m do caos na pol\u00edtica<\/a>. <\/p>\n","protected":false},"excerpt":{"rendered":"<p>Samy Dana compara o PIB com o Ibovespa nos \u00faltimos 26 anos e estima qual indicador deve se recuperar mais r\u00e1pido da pandemia; veja ainda a an\u00e1lise sobre a crise pol\u00edtica e os reflexos no mercado<\/p>\n","protected":false},"author":7,"featured_media":9409,"comment_status":"open","ping_status":"open","sticky":false,"template":"","format":"video","meta":{"_acf_changed":false,"inline_featured_image":false,"footnotes":""},"categories":[4],"tags":[226,404,499,245,177,347,53],"autor-wsj":[],"coauthors":[],"class_list":["post-9408","post","type-post","status-publish","format-video","has-post-thumbnail","hentry","category-financas","tag-bolsa-de-valores","tag-coronavirus","tag-economia","tag-boeing","tag-embraer","tag-paulo-guedes","tag-pib","post_format-post-format-video"],"acf":[],"amp_enabled":true,"_links":{"self":[{"href":"https:\/\/investnews.com.br\/inv-api\/wp\/v2\/posts\/9408","targetHints":{"allow":["GET"]}}],"collection":[{"href":"https:\/\/investnews.com.br\/inv-api\/wp\/v2\/posts"}],"about":[{"href":"https:\/\/investnews.com.br\/inv-api\/wp\/v2\/types\/post"}],"author":[{"embeddable":true,"href":"https:\/\/investnews.com.br\/inv-api\/wp\/v2\/users\/7"}],"replies":[{"embeddable":true,"href":"https:\/\/investnews.com.br\/inv-api\/wp\/v2\/comments?post=9408"}],"version-history":[{"count":9,"href":"https:\/\/investnews.com.br\/inv-api\/wp\/v2\/posts\/9408\/revisions"}],"predecessor-version":[{"id":9421,"href":"https:\/\/investnews.com.br\/inv-api\/wp\/v2\/posts\/9408\/revisions\/9421"}],"wp:featuredmedia":[{"embeddable":true,"href":"https:\/\/investnews.com.br\/inv-api\/wp\/v2\/media\/9409"}],"wp:attachment":[{"href":"https:\/\/investnews.com.br\/inv-api\/wp\/v2\/media?parent=9408"}],"wp:term":[{"taxonomy":"category","embeddable":true,"href":"https:\/\/investnews.com.br\/inv-api\/wp\/v2\/categories?post=9408"},{"taxonomy":"post_tag","embeddable":true,"href":"https:\/\/investnews.com.br\/inv-api\/wp\/v2\/tags?post=9408"},{"taxonomy":"autor-wsj","embeddable":true,"href":"https:\/\/investnews.com.br\/inv-api\/wp\/v2\/autor-wsj?post=9408"},{"taxonomy":"author","embeddable":true,"href":"https:\/\/investnews.com.br\/inv-api\/wp\/v2\/coauthors?post=9408"}],"curies":[{"name":"wp","href":"https:\/\/api.w.org\/{rel}","templated":true}]}}