{"id":9424,"date":"2020-04-28T07:30:00","date_gmt":"2020-04-28T10:30:00","guid":{"rendered":"https:\/\/investnews.com.br\/?p=9424"},"modified":"2024-06-26T12:29:24","modified_gmt":"2024-06-26T15:29:24","slug":"5-fatos-para-saber-hoje-reducao-da-gasolina-e-nomeacoes-para-justica","status":"publish","type":"post","link":"https:\/\/investnews.com.br\/economia\/5-fatos-para-saber-hoje-reducao-da-gasolina-e-nomeacoes-para-justica\/","title":{"rendered":"5 fatos para saber hoje: redu\u00e7\u00e3o da gasolina e nomea\u00e7\u00f5es para Justi\u00e7a"},"content":{"rendered":"\n<h2 class=\"wp-block-heading\">1 &#8211; Gasolina cai 7,1% em abril ap\u00f3s um m\u00eas de isolamento social; diesel cede 5,4%<\/h2>\n\n\n\n<p>Ap\u00f3s um m\u00eas inteiro de isolamento social, a <a href=\"https:\/\/investnews.com.br\/tag\/gasolina\/\" class=\"rank-math-link\">gasolina<\/a> est\u00e1 custando em m\u00e9dia 7,1% a menos para o consumidor nos postos de abastecimento, com pre\u00e7o m\u00e1ximo de R$ 5,690 o litro e m\u00ednimo de R$ 2,950, segundo dados da Ag\u00eancia Nacional do Petr\u00f3leo, G\u00e1s Natural e Biocombust\u00edveis (<a href=\"https:\/\/investnews.com.br\/tag\/anp\/\" class=\"rank-math-link\">ANP<\/a>), referentes \u00e0 semana de 19 a 25 de abril comparada \u00e0 primeira semana do m\u00eas.<\/p>\n\n\n\n<p>J\u00e1 o diesel, antes da redu\u00e7\u00e3o de 10% pela <a href=\"https:\/\/investnews.com.br\/tag\/petrobras\/\" class=\"rank-math-link\">Petrobras<\/a>, que entrou em vigor nesta segunda-feira, registrou queda de 5,4%, com pre\u00e7o m\u00e1ximo de R$ 4,950 o litro e R$ 2,650 o mais baixo.<\/p>\n\n\n\n<p>O G\u00e1s Liquefeito de Petr\u00f3leo (<a href=\"https:\/\/investnews.com.br\/tag\/glp\/\" class=\"rank-math-link\">GLP<\/a>) embalagem de 13 quilos (g\u00e1s de cozinha) continua resistindo \u00e0 forte redu\u00e7\u00e3o do pre\u00e7o do <a href=\"https:\/\/investnews.com.br\/tag\/petroleo\/\" class=\"rank-math-link\">petr\u00f3leo<\/a>, registrando queda de apenas 0,14% em um m\u00eas na apura\u00e7\u00e3o finalizada em 25 de abril. O pre\u00e7o m\u00e9dio deste combust\u00edvel, que vem tendo grande procura pelo aumento da alimenta\u00e7\u00e3o em casa, fechou a semana passada custando em m\u00e9dia R$ 69,81 o botij\u00e3o de 13 Kg, sendo a cota\u00e7\u00e3o m\u00e1xima de R$ 115 e m\u00ednima em R$ 50,00.<\/p>\n\n\n\n<h2 class=\"wp-block-heading\">2 &#8211; Bolsonaro nomeia Andr\u00e9 Mendon\u00e7a para a Justi\u00e7a e Ramagem para a PF<\/h2>\n\n\n\n<p>Andr\u00e9 Luiz de Almeida Mendon\u00e7a e Alexandre Ramagem Rodrigues s\u00e3o nomeados ministro da Justi\u00e7a e Seguran\u00e7a P\u00fablica e diretor-geral da Pol\u00edcia Federal (<a href=\"https:\/\/investnews.com.br\/tag\/policia-federal\/\" class=\"rank-math-link\">PF<\/a>), respectivamente. Os decretos assinados pelo presidente da Rep\u00fablica, <a href=\"https:\/\/investnews.com.br\/tag\/jair-bolsonaro\/\" class=\"rank-math-link\">Jair Bolsonaro<\/a>, est\u00e3o publicados no&nbsp;<a rel=\"noreferrer noopener\" href=\"https:\/\/www.in.gov.br\/web\/dou\/-\/decretos-de-27-de-abril-de-2020-254225083\" target=\"_blank\"><em>Di\u00e1rio Oficial da Uni\u00e3o<\/em><\/a>&nbsp;desta ter\u00e7a-feira (28). Andr\u00e9 Mendon\u00e7a passa a ocupar o comando do minist\u00e9rio com a sa\u00edda de <a href=\"https:\/\/investnews.com.br\/tag\/sergio-moro\/\" class=\"rank-math-link\">Sergio Moro<\/a> e Alexandre Ramagem a chefia da PF no lugar de Maur\u00edcio Valeixo.<\/p>\n\n\n\n<p>Andr\u00e9 Mendon\u00e7a, de 46 anos, \u00e9 advogado da Uni\u00e3o desde 2000, tendo exercido, na institui\u00e7\u00e3o, os cargos de corregedor-geral da Advocacia da Uni\u00e3o e de diretor de Patrim\u00f4nio e Probidade, dentre outros. Recentemente, na Controladoria-Geral da Uni\u00e3o (CGU), como assessor especial do ministro, coordenou equipes de negocia\u00e7\u00e3o de acordos de leni\u00eancia celebrados pela Uni\u00e3o e empresas privadas.<\/p>\n\n\n\n<p>Alexandre Ramagem, que exercia o cargo de diretor da&nbsp;Ag\u00eancia Brasileira de Intelig\u00eancia (Abin), ingressou na Pol\u00edcia Federal (PF) em 2005 e atualmente \u00e9 delegado de classe especial. Sua primeira lota\u00e7\u00e3o foi na Superintend\u00eancia Regional da PF no estado de Roraima. Em raz\u00e3o de seus conhecimentos operacionais nas \u00e1reas de seguran\u00e7a e Intelig\u00eancia, assumiu, ainda em 2018, a Coordena\u00e7\u00e3o de Seguran\u00e7a do ent\u00e3o candidato e atual presidente da Rep\u00fablica, Jair Bolsonaro.<\/p>\n\n\n\n<h2 class=\"wp-block-heading\">3 &#8211; Ministro do STF abre inqu\u00e9rito para investigar declara\u00e7\u00f5es de Moro<\/h2>\n\n\n\n<p>O ministro do Supremo Tribunal Federal (<a href=\"https:\/\/investnews.com.br\/tag\/stf\/\" class=\"rank-math-link\">STF<\/a>) <a href=\"https:\/\/investnews.com.br\/tag\/celso-de-mello\/\" class=\"rank-math-link\">Celso de Mello<\/a> decidiu ontem (27) abrir inqu\u00e9rito para investigar as declara\u00e7\u00f5es feitas pelo ex-ministro da Justi\u00e7a e Seguran\u00e7a P\u00fablica Sergio Moro, que&nbsp;pediu demiss\u00e3o do cargo&nbsp;e fez acusa\u00e7\u00f5es contra o presidente Jair Bolsonaro.&nbsp;<\/p>\n\n\n\n<p>A decis\u00e3o do ministro atendeu a um pedido feito pelo procurador-geral da Rep\u00fablica, Augusto Aras, na semana passada. Com a abertura da investiga\u00e7\u00e3o, uma das primeiras medidas ser\u00e1 a convoca\u00e7\u00e3o de Moro para prestar depoimento e entregar eventuais provas de suposta interfer\u00eancia na Policia Federal (PF).&nbsp;<\/p>\n\n\n\n<p>Na sexta-feira (24), durante pronunciamento, Bolsonaro&nbsp;negou que tenha pedido&nbsp;para o ent\u00e3o ministro interferir em investiga\u00e7\u00f5es da PF.&nbsp;<\/p>\n\n\n\n<h2 class=\"wp-block-heading\">4 &#8211; Coronav\u00edrus: Brasil passa dos 66 mil casos confirmados<\/h2>\n\n\n\n<p>O Brasil chegou a 66.501 casos confirmados de <a href=\"https:\/\/investnews.com.br\/tag\/coronavirus\/\" class=\"rank-math-link\">coronav\u00edrus<\/a>, de acordo com atualiza\u00e7\u00e3o do <a href=\"https:\/\/investnews.com.br\/tag\/ministerio-da-saude\/\" class=\"rank-math-link\">Minist\u00e9rio da Sa\u00fade<\/a>, divulgada ontem (27). Nas \u00faltimas 24 horas foram adicionadas \u00e0s estat\u00edsticas mais 4.613 pessoas infectadas, aumento de 7,5% em rela\u00e7\u00e3o a domingo (26), quando foram registrados 61.888 mil casos confirmados.&nbsp;&nbsp;<\/p>\n\n\n\n<p>Foi o segundo maior n\u00famero de casos de contamina\u00e7\u00e3o em um dia, perdendo apenas para o s\u00e1bado (24), quando foram acrescidos 5.514 casos ao balan\u00e7o.<\/p>\n\n\n\n<p>J\u00e1 o n\u00famero de mortes subiu para 4.543, com 338 novos \u00f3bitos de domingo (26) para segunda-feira (27), um incremento de 8%. O n\u00famero de novos \u00f3bitos em 24 horas ficou abaixo da quinta-feira (22), quando foram contabilizados 407. A taxa de letalidade ficou em 6,8%.<\/p>\n\n\n\n<p>S\u00e3o Paulo se mant\u00e9m como epicentro da pandemia no pa\u00eds, concentrando o maior n\u00famero de mortes (1.825). O estado \u00e9 seguido pelo Rio de Janeiro (677), Pernambuco (450), Cear\u00e1 (284) e Amazonas (320).<\/p>\n\n\n\n<h2 class=\"wp-block-heading\">5 &#8211; Embraer vai recorrer a arbitragem para solucionar conflito com a Boeing<\/h2>\n\n\n\n<p>A <a href=\"https:\/\/investnews.com.br\/tag\/embraer\/\" class=\"rank-math-link\">Embraer<\/a> anunciou na segunda-feira (27) que iniciou procedimentos arbitrais contra a <a href=\"https:\/\/investnews.com.br\/tag\/boeing\/\" class=\"rank-math-link\">Boeing<\/a>, depois que a companhia americana anunciou no \u00faltimo s\u00e1bado o rompimento de acordo para comprar a divis\u00e3o de avia\u00e7\u00e3o comercial da empresa brasileira &#8211; um neg\u00f3cio avaliado em US$ 4,2 bilh\u00f5es. Na <a href=\"https:\/\/investnews.com.br\/tag\/bolsa-de-valores\/\" class=\"rank-math-link\">Bolsa de Valores<\/a>, as a\u00e7\u00f5es da Embraer chegaram a despencar mais de 14% no in\u00edcio do preg\u00e3o, para o fechar o dia com um recuo de 7,49%.<\/p>\n\n\n\n<p>A arbitragem \u00e9 um mecanismo usado na solu\u00e7\u00e3o de conflitos que prescinde da Justi\u00e7a. Em vez de um juiz, a negocia\u00e7\u00e3o \u00e9 conduzida por uma terceira parte escolhida pelos pr\u00f3prios envolvidos no lit\u00edgio. Uma decis\u00e3o costuma sair mais r\u00e1pido do que na Justi\u00e7a comum.<\/p>\n\n\n\n<p>A comunica\u00e7\u00e3o da Embraer foi feita por meio de fato relevante enviado \u00e0 Comiss\u00e3o de Valores Mobili\u00e1rios (<a href=\"https:\/\/investnews.com.br\/tag\/cvm\/\" class=\"rank-math-link\">CVM<\/a>). A empresa n\u00e3o esclarece se, al\u00e9m da arbitragem, vai abrir tamb\u00e9m uma a\u00e7\u00e3o judicial.<\/p>\n\n\n\n<p>O an\u00fancio da Boeing se deu em meio a maior crise de sua hist\u00f3ria, que envolve dois acidentes com seu principal avi\u00e3o, o <a href=\"https:\/\/investnews.com.br\/tag\/737-max\/\" class=\"rank-math-link\">737 MAX<\/a>, e a paralisa\u00e7\u00e3o do setor a\u00e9reo em decorr\u00eancia da pandemia da covid-19. A companhia alegou que a Embraer n\u00e3o teria atendido todas as condi\u00e7\u00f5es negociadas em contrato. J\u00e1 a Embraer acusou a americana de ter rescindido o contrato de forma indevida. &nbsp;<\/p>\n\n\n\n<p><em>*Com Estad\u00e3o Conte\u00fado e Ag\u00eancia Brasil<\/em><\/p>\n","protected":false},"excerpt":{"rendered":"<p>Saiba os nomes que v\u00e3o substituir Moro no minist\u00e9rio; e mais um cap\u00edtula na disputa da Embraer com a Boeing<\/p>\n","protected":false},"author":17,"featured_media":111,"comment_status":"open","ping_status":"open","sticky":false,"template":"","format":"standard","meta":{"_acf_changed":false,"inline_featured_image":false,"footnotes":""},"categories":[5],"tags":[314,226,404,41,234,245,177,21,221,83],"autor-wsj":[],"coauthors":[],"class_list":["post-9424","post","type-post","status-publish","format-standard","has-post-thumbnail","hentry","category-economia","tag-anp","tag-bolsa-de-valores","tag-coronavirus","tag-cvm","tag-jair-bolsonaro","tag-boeing","tag-embraer","tag-petrobras","tag-petroleo","tag-stf"],"acf":[],"amp_enabled":true,"_links":{"self":[{"href":"https:\/\/investnews.com.br\/inv-api\/wp\/v2\/posts\/9424","targetHints":{"allow":["GET"]}}],"collection":[{"href":"https:\/\/investnews.com.br\/inv-api\/wp\/v2\/posts"}],"about":[{"href":"https:\/\/investnews.com.br\/inv-api\/wp\/v2\/types\/post"}],"author":[{"embeddable":true,"href":"https:\/\/investnews.com.br\/inv-api\/wp\/v2\/users\/17"}],"replies":[{"embeddable":true,"href":"https:\/\/investnews.com.br\/inv-api\/wp\/v2\/comments?post=9424"}],"version-history":[{"count":5,"href":"https:\/\/investnews.com.br\/inv-api\/wp\/v2\/posts\/9424\/revisions"}],"predecessor-version":[{"id":333442,"href":"https:\/\/investnews.com.br\/inv-api\/wp\/v2\/posts\/9424\/revisions\/333442"}],"wp:featuredmedia":[{"embeddable":true,"href":"https:\/\/investnews.com.br\/inv-api\/wp\/v2\/media\/111"}],"wp:attachment":[{"href":"https:\/\/investnews.com.br\/inv-api\/wp\/v2\/media?parent=9424"}],"wp:term":[{"taxonomy":"category","embeddable":true,"href":"https:\/\/investnews.com.br\/inv-api\/wp\/v2\/categories?post=9424"},{"taxonomy":"post_tag","embeddable":true,"href":"https:\/\/investnews.com.br\/inv-api\/wp\/v2\/tags?post=9424"},{"taxonomy":"autor-wsj","embeddable":true,"href":"https:\/\/investnews.com.br\/inv-api\/wp\/v2\/autor-wsj?post=9424"},{"taxonomy":"author","embeddable":true,"href":"https:\/\/investnews.com.br\/inv-api\/wp\/v2\/coauthors?post=9424"}],"curies":[{"name":"wp","href":"https:\/\/api.w.org\/{rel}","templated":true}]}}