{"id":9462,"date":"2020-04-28T16:15:36","date_gmt":"2020-04-28T19:15:36","guid":{"rendered":"https:\/\/investnews.com.br\/?p=9462"},"modified":"2020-04-28T16:32:42","modified_gmt":"2020-04-28T19:32:42","slug":"seguro-desemprego-setor-de-servicos-e-o-primeiro-a-demonstrar-efeitos-da-crise","status":"publish","type":"post","link":"https:\/\/investnews.com.br\/economia\/seguro-desemprego-setor-de-servicos-e-o-primeiro-a-demonstrar-efeitos-da-crise\/","title":{"rendered":"Seguro-desemprego: setor de servi\u00e7os \u00e9 o primeiro a demonstrar efeitos da crise"},"content":{"rendered":"\n<p>\n\nO n\u00famero de pedidos de seguro de desemprego na primeira quinzena de abril atingiu 267.693, uma queda de 13,8% em rela\u00e7\u00e3o ao mesmo per\u00edodo do ano passado (310.509), informou nesta ter\u00e7a-feira, 28, o Minist\u00e9rio da Economia, em coletiva. At\u00e9 o momento, na segunda quinzena de abril, houve 235.328 solicita\u00e7\u00f5es. Em mar\u00e7o, h\u00e1 queda de 3,5%.<\/p>\n\n\n\n<p>No acumulado do ano at\u00e9 o dia 15 de abril, o recuo \u00e9 de 8,7% em rela\u00e7\u00e3o ao mesmo per\u00edodo do ano passado, de dois milh\u00f5es para 1,830 milh\u00e3o. O secret\u00e1rio especial de Previd\u00eancia e Trabalho, Bruno Bianco, e de Trabalho, Bruno Dalcolmo, explicaram que h\u00e1 um represamento de pedidos, de cerca de 200 mil, devido ao fechamento de ag\u00eancias do SINE, embora estas estejam funcionando de forma remota.<\/p>\n\n\n\n<p>Considerando esse represamento, a Economia calcula que haveria aumento dos pedidos de seguro desemprego ante 2019, mas que n\u00e3o ultrapassaria 150 mil, disse Bianco.<\/p>\n\n\n\n<p>Segundo ele, os dados s\u00e3o muito bons e mostram que o Brasil, diferentemente de outros pa\u00edses do mundo, est\u00e1 conseguindo preservar <a href=\"https:\/\/investnews.com.br\/tag\/emprego\/\" target=\"_blank\" aria-label=\"empregos (opens in a new tab)\" rel=\"noreferrer noopener\" class=\"rank-math-link\">empregos<\/a> formais. &#8220;Temos aumento do <a href=\"https:\/\/investnews.com.br\/tag\/desemprego\/\" target=\"_blank\" aria-label=\"desemprego (opens in a new tab)\" rel=\"noreferrer noopener\" class=\"rank-math-link\">desemprego<\/a>, mas Brasil est\u00e1 conservando muitos empregos&#8221;.<\/p>\n\n\n\n<p>&#8220;S\u00e3o resultados de pol\u00edticas econ\u00f4micas bem feitas e bem sucedidas desde o in\u00edcio do governo <a href=\"https:\/\/investnews.com.br\/tag\/jair-bolsonaro\/\" target=\"_blank\" aria-label=\"Jair Bolsonaro (opens in a new tab)\" rel=\"noreferrer noopener\" class=\"rank-math-link\">Jair Bolsonaro<\/a>, mostram o qu\u00e3o importante s\u00e3o as bases de pol\u00edtica econ\u00f4mica e os resultados que se pode ter, seja em um ambiente de normalidade, seja de anormalidade, como temos hoje&#8221;, avaliou. <\/p>\n\n\n\n<p>O setor de <a aria-label=\"servi\u00e7os (opens in a new tab)\" rel=\"noreferrer noopener\" href=\"https:\/\/investnews.com.br\/tag\/servicos\/\" target=\"_blank\" class=\"rank-math-link\">servi\u00e7os<\/a> \u00e9 o primeiro a demonstrar, nos dados oficiais, o efeito da <a aria-label=\"crise  (opens in a new tab)\" rel=\"noreferrer noopener\" href=\"https:\/\/investnews.com.br\/tag\/crise\/\" target=\"_blank\" class=\"rank-math-link\">crise <\/a>econ\u00f4mica gerada pela <a aria-label=\"pandemia  (opens in a new tab)\" rel=\"noreferrer noopener\" href=\"https:\/\/investnews.com.br\/tag\/pandemia\/\" target=\"_blank\" class=\"rank-math-link\">pandemia <\/a>de coronav\u00edrus. De acordo com o balan\u00e7o divulgado pelo <a aria-label=\"Minist\u00e9rio da Economia (opens in a new tab)\" rel=\"noreferrer noopener\" href=\"https:\/\/investnews.com.br\/tag\/ministerio-da-economia\/\" target=\"_blank\" class=\"rank-math-link\">Minist\u00e9rio da Economia<\/a>, o n\u00famero de pedidos de seguro-desemprego feitos no m\u00eas de mar\u00e7o aumentou 1,42% nesse ramo da <a aria-label=\"economia (opens in a new tab)\" rel=\"noreferrer noopener\" href=\"https:\/\/investnews.com.br\/tag\/economia\/\" target=\"_blank\" class=\"rank-math-link\">economia<\/a>, passando de 206.174 no m\u00eas em 2019 para 209.105 no mesmo per\u00edodo deste ano. Os dados de abril ainda n\u00e3o foram divulgados.<\/p>\n\n\n\n<p>O maior aumento se d\u00e1 no segmento de informa\u00e7\u00e3o, comunica\u00e7\u00e3o e atividades financeiras, imobili\u00e1rias, profissionais e administrativas, onde as solicita\u00e7\u00f5es do benef\u00edcio subiram 5,25%. Tamb\u00e9m houve alta pequena em pedidos por empregados da administra\u00e7\u00e3o p\u00fablica, defesa e seguridade social, educa\u00e7\u00e3o, sa\u00fade humana e servi\u00e7os sociais, de 0,5%.<\/p>\n\n\n\n<p>O setor de servi\u00e7os foi o \u00fanico que apresentou aumento nos pedidos em mar\u00e7o, mas o dado n\u00e3o reflete o total de desempregados na crise. O pr\u00f3prio <a aria-label=\"governo  (opens in a new tab)\" href=\"https:\/\/investnews.com.br\/tag\/governo-federal\/\" target=\"_blank\" rel=\"noreferrer noopener\" class=\"rank-math-link\">governo <\/a>admite que o n\u00famero deve ser maior do que aqueles que deram entrada no <a href=\"https:\/\/investnews.com.br\/tag\/seguro-desemprego\/\" target=\"_blank\" aria-label=\"seguro-desemprego (opens in a new tab)\" rel=\"noreferrer noopener\" class=\"rank-math-link\">seguro-desemprego<\/a> e estima que h\u00e1 uma fila de cerca de 200 mil pessoas que j\u00e1 perderam seus empregos entre mar\u00e7o e a primeira quinzena de abril e ainda pediram o benef\u00edcio.<\/p>\n\n\n\n<p>Com isso, ao inv\u00e9s de cair de 866.735 entre mar\u00e7o e abril de 2020 para 804.538 nesses 45 dias, o n\u00famero de pedidos do seguro-desemprego deve ter aumentado em cerca de 150 mil, segundo as proje\u00e7\u00f5es do Minist\u00e9rio da Economia.<\/p>\n\n\n\n<h2 class=\"wp-block-heading\">Setores<\/h2>\n\n\n\n<p>Nos demais setores, houve recuo, sem considerar a fila dos que ainda n\u00e3o fizeram a solicita\u00e7\u00e3o. Na <a aria-label=\"constru\u00e7\u00e3o (opens in a new tab)\" rel=\"noreferrer noopener\" href=\"https:\/\/investnews.com.br\/tag\/construcao-civil\/\" target=\"_blank\" class=\"rank-math-link\">constru\u00e7\u00e3o<\/a>, queda de 15,4%, de 54.207 para 45.812. Na <a aria-label=\"ind\u00fastria (opens in a new tab)\" rel=\"noreferrer noopener\" href=\"https:\/\/investnews.com.br\/tag\/industria\/\" target=\"_blank\" class=\"rank-math-link\">ind\u00fastria<\/a>, o recuo foi de 6,69%, com as solicita\u00e7\u00f5es passando de 97.676 em mar\u00e7o de 2019 para 91.141 em mar\u00e7o deste ano. J\u00e1 o recuo no <a aria-label=\"com\u00e9rcio  (opens in a new tab)\" rel=\"noreferrer noopener\" href=\"https:\/\/investnews.com.br\/tag\/comercio\/\" target=\"_blank\" class=\"rank-math-link\">com\u00e9rcio <\/a>foi de 2,85%, de 161,466 para 156,852. Na <a aria-label=\"agropecu\u00e1ria (opens in a new tab)\" rel=\"noreferrer noopener\" href=\"https:\/\/investnews.com.br\/tag\/agropecuaria\/\" target=\"_blank\" class=\"rank-math-link\">agropecu\u00e1ria<\/a>, o n\u00famero de pedidos apresentados caiu 0,9% de mar\u00e7o de 2019 para o mesmo m\u00eas em 2020, de 34.256 para 33.935.<\/p>\n\n\n\n<p><em><br><\/em><\/p>\n","protected":false},"excerpt":{"rendered":"<p>O n\u00famero de pedidos de seguro de desemprego na primeira quinzena de abril atingiu 267.693, uma queda de 13,8% em rela\u00e7\u00e3o ao mesmo per\u00edodo do ano passado (310.509), informou nesta ter\u00e7a-feira, 28, o Minist\u00e9rio da Economia, em coletiva. At\u00e9 o momento, na segunda quinzena de abril, houve 235.328 solicita\u00e7\u00f5es. Em mar\u00e7o, h\u00e1 queda de 3,5%. [&hellip;]<\/p>\n","protected":false},"author":7,"featured_media":1809,"comment_status":"open","ping_status":"open","sticky":false,"template":"","format":"standard","meta":{"_acf_changed":false,"inline_featured_image":false,"footnotes":""},"categories":[5],"tags":[608,374,499,215,283,462,234,240],"autor-wsj":[],"coauthors":[],"class_list":["post-9462","post","type-post","status-publish","format-standard","has-post-thumbnail","hentry","category-economia","tag-construcao-civil","tag-desemprego","tag-economia","tag-emprego","tag-governo-federal","tag-industria","tag-jair-bolsonaro","tag-ministerio-da-economia"],"acf":[],"amp_enabled":true,"_links":{"self":[{"href":"https:\/\/investnews.com.br\/inv-api\/wp\/v2\/posts\/9462","targetHints":{"allow":["GET"]}}],"collection":[{"href":"https:\/\/investnews.com.br\/inv-api\/wp\/v2\/posts"}],"about":[{"href":"https:\/\/investnews.com.br\/inv-api\/wp\/v2\/types\/post"}],"author":[{"embeddable":true,"href":"https:\/\/investnews.com.br\/inv-api\/wp\/v2\/users\/7"}],"replies":[{"embeddable":true,"href":"https:\/\/investnews.com.br\/inv-api\/wp\/v2\/comments?post=9462"}],"version-history":[{"count":7,"href":"https:\/\/investnews.com.br\/inv-api\/wp\/v2\/posts\/9462\/revisions"}],"predecessor-version":[{"id":9474,"href":"https:\/\/investnews.com.br\/inv-api\/wp\/v2\/posts\/9462\/revisions\/9474"}],"wp:featuredmedia":[{"embeddable":true,"href":"https:\/\/investnews.com.br\/inv-api\/wp\/v2\/media\/1809"}],"wp:attachment":[{"href":"https:\/\/investnews.com.br\/inv-api\/wp\/v2\/media?parent=9462"}],"wp:term":[{"taxonomy":"category","embeddable":true,"href":"https:\/\/investnews.com.br\/inv-api\/wp\/v2\/categories?post=9462"},{"taxonomy":"post_tag","embeddable":true,"href":"https:\/\/investnews.com.br\/inv-api\/wp\/v2\/tags?post=9462"},{"taxonomy":"autor-wsj","embeddable":true,"href":"https:\/\/investnews.com.br\/inv-api\/wp\/v2\/autor-wsj?post=9462"},{"taxonomy":"author","embeddable":true,"href":"https:\/\/investnews.com.br\/inv-api\/wp\/v2\/coauthors?post=9462"}],"curies":[{"name":"wp","href":"https:\/\/api.w.org\/{rel}","templated":true}]}}