{"id":9590,"date":"2020-04-29T10:39:00","date_gmt":"2020-04-29T13:39:00","guid":{"rendered":"https:\/\/investnews.com.br\/?p=9590"},"modified":"2020-04-29T13:49:21","modified_gmt":"2020-04-29T16:49:21","slug":"pib-dos-eua-contrai-48-com-coronavirus","status":"publish","type":"post","link":"https:\/\/investnews.com.br\/economia\/pib-dos-eua-contrai-48-com-coronavirus\/","title":{"rendered":"PIB dos EUA contrai 4,8% com coronav\u00edrus"},"content":{"rendered":"\n<p>O Produto Interno Bruto (<strong>PIB<\/strong>) dos <a href=\"https:\/\/investnews.com.br\/tag\/estados-unidos\/\" class=\"rank-math-link\">Estados Unidos<\/a> se contraiu \u00e0 taxa anualizada de 4,8% no <strong>primeiro trimestre<\/strong> de 2020, evidenciando o impacto da pandemia de <strong><a href=\"https:\/\/investnews.com.br\/tag\/coronavirus\/\" class=\"rank-math-link\">coronav\u00edrus<\/a><\/strong> na maior economia do mundo, segundo dados preliminares divulgados pelo Departamento do Com\u00e9rcio americano. <\/p>\n\n\n\n<p><strong>MAIS:<\/strong> <a href=\"https:\/\/investnews.com.br\/geral\/5-fatos-para-saber-hoje-pequenas-empresas-obtem-menos-ajuda-com-credito\/\" class=\"rank-math-link\"><strong>5 fatos hoje: pequenas empresas obt\u00e9m menos ajuda com cr\u00e9dito<\/strong><\/a><\/p>\n\n\n\n<p>O resultado ficou abaixo da mediana de previs\u00f5es de analistas consultados, de queda de 4%. As estimativas variavam de recuo de 1,2% a decl\u00ednio de 9,9%.<\/p>\n\n\n\n<p>No quarto trimestre de 2019, os EUA haviam se expandido 2,1%, tamb\u00e9m na compara\u00e7\u00e3o anualizada. Apenas os gastos com consumo, que representam cerca de 70% do PIB americano, sofreram contra\u00e7\u00e3o anualizada de 7,6% entre janeiro e mar\u00e7o.<\/p>\n\n\n\n<p>O Departamento do Com\u00e9rcio informou tamb\u00e9m que o <strong>\u00edndice de pre\u00e7os<\/strong> de gastos com consumo (PCE, na sigla em ingl\u00eas) avan\u00e7ou \u00e0 taxa anualizada de<strong> 1,3% no primeiro trimestre<\/strong>. J\u00e1 o n\u00facleo do PCE, que desconsidera pre\u00e7os de alimentos e energia, subiu 1,8% no mesmo per\u00edodo. <\/p>\n","protected":false},"excerpt":{"rendered":"<p>Maior economia do mundo foi impactada pelos efeitos negativos da Covid-19 no primeiro trimestre.<\/p>\n","protected":false},"author":7,"featured_media":9595,"comment_status":"open","ping_status":"open","sticky":false,"template":"","format":"standard","meta":{"_acf_changed":false,"inline_featured_image":false,"footnotes":""},"categories":[5],"tags":[404,78,53],"autor-wsj":[],"coauthors":[],"class_list":["post-9590","post","type-post","status-publish","format-standard","has-post-thumbnail","hentry","category-economia","tag-coronavirus","tag-estados-unidos","tag-pib"],"acf":[],"amp_enabled":true,"_links":{"self":[{"href":"https:\/\/investnews.com.br\/inv-api\/wp\/v2\/posts\/9590","targetHints":{"allow":["GET"]}}],"collection":[{"href":"https:\/\/investnews.com.br\/inv-api\/wp\/v2\/posts"}],"about":[{"href":"https:\/\/investnews.com.br\/inv-api\/wp\/v2\/types\/post"}],"author":[{"embeddable":true,"href":"https:\/\/investnews.com.br\/inv-api\/wp\/v2\/users\/7"}],"replies":[{"embeddable":true,"href":"https:\/\/investnews.com.br\/inv-api\/wp\/v2\/comments?post=9590"}],"version-history":[{"count":4,"href":"https:\/\/investnews.com.br\/inv-api\/wp\/v2\/posts\/9590\/revisions"}],"predecessor-version":[{"id":9599,"href":"https:\/\/investnews.com.br\/inv-api\/wp\/v2\/posts\/9590\/revisions\/9599"}],"wp:featuredmedia":[{"embeddable":true,"href":"https:\/\/investnews.com.br\/inv-api\/wp\/v2\/media\/9595"}],"wp:attachment":[{"href":"https:\/\/investnews.com.br\/inv-api\/wp\/v2\/media?parent=9590"}],"wp:term":[{"taxonomy":"category","embeddable":true,"href":"https:\/\/investnews.com.br\/inv-api\/wp\/v2\/categories?post=9590"},{"taxonomy":"post_tag","embeddable":true,"href":"https:\/\/investnews.com.br\/inv-api\/wp\/v2\/tags?post=9590"},{"taxonomy":"autor-wsj","embeddable":true,"href":"https:\/\/investnews.com.br\/inv-api\/wp\/v2\/autor-wsj?post=9590"},{"taxonomy":"author","embeddable":true,"href":"https:\/\/investnews.com.br\/inv-api\/wp\/v2\/coauthors?post=9590"}],"curies":[{"name":"wp","href":"https:\/\/api.w.org\/{rel}","templated":true}]}}