{"id":359,"count":30,"description":"A tag <strong>\u00c2nima Educa\u00e7\u00e3o<\/strong> re\u00fane as not\u00edcias mais relevantes e aprofundadas sobre um dos principais players do setor de ensino superior privado no Brasil. Cobrindo desde movimentos estrat\u00e9gicos de aquisi\u00e7\u00e3o e expans\u00e3o at\u00e9 o desempenho financeiro no mercado de capitais, esta se\u00e7\u00e3o oferece uma vis\u00e3o completa sobre a trajet\u00f3ria e as decis\u00f5es que moldam o futuro da companhia. A \u00c2nima Educa\u00e7\u00e3o tem se destacado por sua agilidade e capacidade de adapta\u00e7\u00e3o, buscando consolidar sua posi\u00e7\u00e3o atrav\u00e9s de investimentos em novas unidades, diversifica\u00e7\u00e3o de ofertas \u2013 como cursos de medicina e educa\u00e7\u00e3o a dist\u00e2ncia (EAD) \u2013 e parcerias estrat\u00e9gicas. Acompanhe as an\u00e1lises que desvendam o impacto de suas a\u00e7\u00f5es na concorr\u00eancia, no mercado de trabalho e no cen\u00e1rio educacional do pa\u00eds, refletindo as complexidades e oportunidades de um setor em constante transforma\u00e7\u00e3o.\r\n\r\n&nbsp;\r\n<h3>Estrat\u00e9gias de Crescimento e Cen\u00e1rio de Mercado<\/h3>\r\nO dinamismo da <strong>\u00c2nima Educa\u00e7\u00e3o<\/strong> \u00e9 evidente nas diversas mat\u00e9rias que comp\u00f5em esta tag. Not\u00edcias sobre a compra de centros universit\u00e1rios, como a aquisi\u00e7\u00e3o do restante de uma institui\u00e7\u00e3o na Bahia, sublinham a estrat\u00e9gia de expans\u00e3o geogr\u00e1fica e consolida\u00e7\u00e3o de portf\u00f3lio. Al\u00e9m disso, a empresa tem focado em nichos de alto valor agregado, como a \"\"corrida da medicina\"\", um segmento que atrai investimentos significativos e gera intensa competi\u00e7\u00e3o com outros grandes grupos educacionais, como o Ser Educacional. A diversifica\u00e7\u00e3o para a modalidade EAD tamb\u00e9m se mostra um ant\u00eddoto eficaz contra a evas\u00e3o de alunos e os juros altos, demonstrando a busca por modelos de neg\u00f3cios mais resilientes e acess\u00edveis. A intera\u00e7\u00e3o da \u00c2nima com o ecossistema financeiro, incluindo a transfer\u00eancia de direitos sobre cr\u00e9ditos \u00e0 Pravaler, reflete sua gest\u00e3o ativa de ativos e passivos, bem como a busca por otimiza\u00e7\u00e3o de recursos.\r\n\r\n&nbsp;\r\n<h3>Desempenho Financeiro e Lideran\u00e7a no Setor<\/h3>\r\nNo \u00e2mbito financeiro, a <strong>\u00c2nima Educa\u00e7\u00e3o<\/strong> \u00e9 um ativo frequentemente observado no mercado de capitais. As publica\u00e7\u00f5es aqui destacam desde os pedidos de registro para acesso \u00e0 Bolsa por grupos de educa\u00e7\u00e3o parceiros ou concorrentes, como Salta e Intergraus, at\u00e9 a an\u00e1lise de seu pr\u00f3prio desempenho. A valoriza\u00e7\u00e3o das a\u00e7\u00f5es, como a disparada de 14% ap\u00f3s eleva\u00e7\u00e3o de recomenda\u00e7\u00e3o e pre\u00e7o-alvo por bancos de investimento, \u00e9 um indicativo da percep\u00e7\u00e3o do mercado sobre suas perspectivas futuras. A \"\"virada da Cogna\"\", outro gigante do setor, serve de contexto para entender o ciclo mais amplo da educa\u00e7\u00e3o na Bolsa. Mudan\u00e7as na lideran\u00e7a, como a escolha de um novo CEO para o Conselho da \u00c2nima, s\u00e3o eventos que geram expectativa e podem sinalizar novas dire\u00e7\u00f5es estrat\u00e9gicas para a companhia, impactando diretamente seu posicionamento e performance. Esta tag, portanto, \u00e9 um guia essencial para investidores, analistas e interessados no futuro da educa\u00e7\u00e3o privada no Brasil.","link":"https:\/\/investnews.com.br\/tag\/anima-educacao\/","name":"\u00c2nima Educa\u00e7\u00e3o","slug":"anima-educacao","taxonomy":"post_tag","meta":[],"_links":{"self":[{"href":"https:\/\/investnews.com.br\/inv-api\/wp\/v2\/tags\/359","targetHints":{"allow":["GET"]}}],"collection":[{"href":"https:\/\/investnews.com.br\/inv-api\/wp\/v2\/tags"}],"about":[{"href":"https:\/\/investnews.com.br\/inv-api\/wp\/v2\/taxonomies\/post_tag"}],"wp:post_type":[{"href":"https:\/\/investnews.com.br\/inv-api\/wp\/v2\/posts?tags=359"},{"href":"https:\/\/investnews.com.br\/inv-api\/wp\/v2\/guias?tags=359"},{"href":"https:\/\/investnews.com.br\/inv-api\/wp\/v2\/infograficos?tags=359"},{"href":"https:\/\/investnews.com.br\/inv-api\/wp\/v2\/patrocinados?tags=359"}],"curies":[{"name":"wp","href":"https:\/\/api.w.org\/{rel}","templated":true}]}}